{"id":121573,"date":"2018-10-04T10:17:28","date_gmt":"2018-10-04T13:17:28","guid":{"rendered":"https:\/\/diarioregionaldigital.com.br\/?p=121573"},"modified":"2018-10-04T10:17:28","modified_gmt":"2018-10-04T13:17:28","slug":"mulher-e-assaltada-apos-descer-do-onibus-no-bairro-joquei-clube","status":"publish","type":"post","link":"https:\/\/diarioregionaldigital.com.br\/?p=121573","title":{"rendered":"Mulher \u00e9 assaltada ap\u00f3s descer do \u00f4nibus no bairro J\u00f3quei Clube"},"content":{"rendered":"<p>Uma mulher de 41 anos foi assaltada ao descer do coletivo, no bairro J\u00f3quei Clube, zona Norte de Juiz de Fora. Segundo informa\u00e7\u00f5es da v\u00edtima \u00e0 Policia Militar (PM), dois indiv\u00edduos a abordaram, sedo que um deles colocou a m\u00e3o em sua cintura, dizendo estar armado, exigindo que ela lhe entregasse sua bolsa.<\/p>\n<p>Acatando a ordem, os autores reviraram seus pertences e levaram o seu aparelho celular. O restante foi jogado ao ch\u00e3o.<\/p>\n<p>A PM chegou a fazer um rastreamento,\u00a0 mas eles n\u00e3o foram encontrados.<\/p>\n","protected":false},"excerpt":{"rendered":"<p>Uma mulher de 41 anos foi assaltada ao descer do coletivo, no bairro J\u00f3quei Clube, zona Norte de Juiz de Fora. Segundo informa\u00e7\u00f5es da v\u00edtima \u00e0 Policia Militar (PM), dois indiv\u00edduos a abordaram, sedo que um deles colocou a m\u00e3o em sua cintura, dizendo estar armado, exigindo que ela lhe entregasse sua bolsa. Acatando a [&hellip;]<\/p>\n","protected":false},"author":96,"featured_media":97342,"comment_status":"closed","ping_status":"closed","sticky":false,"template":"","format":"standard","meta":{"footnotes":""},"categories":[301,439],"tags":[],"class_list":["post-121573","post","type-post","status-publish","format-standard","has-post-thumbnail","hentry","category-artigos-policiais","category-ultima-hora"],"_links":{"self":[{"href":"https:\/\/diarioregionaldigital.com.br\/index.php?rest_route=\/wp\/v2\/posts\/121573","targetHints":{"allow":["GET"]}}],"collection":[{"href":"https:\/\/diarioregionaldigital.com.br\/index.php?rest_route=\/wp\/v2\/posts"}],"about":[{"href":"https:\/\/diarioregionaldigital.com.br\/index.php?rest_route=\/wp\/v2\/types\/post"}],"author":[{"embeddable":true,"href":"https:\/\/diarioregionaldigital.com.br\/index.php?rest_route=\/wp\/v2\/users\/96"}],"replies":[{"embeddable":true,"href":"https:\/\/diarioregionaldigital.com.br\/index.php?rest_route=%2Fwp%2Fv2%2Fcomments&post=121573"}],"version-history":[{"count":0,"href":"https:\/\/diarioregionaldigital.com.br\/index.php?rest_route=\/wp\/v2\/posts\/121573\/revisions"}],"wp:featuredmedia":[{"embeddable":true,"href":"https:\/\/diarioregionaldigital.com.br\/index.php?rest_route=\/wp\/v2\/media\/97342"}],"wp:attachment":[{"href":"https:\/\/diarioregionaldigital.com.br\/index.php?rest_route=%2Fwp%2Fv2%2Fmedia&parent=121573"}],"wp:term":[{"taxonomy":"category","embeddable":true,"href":"https:\/\/diarioregionaldigital.com.br\/index.php?rest_route=%2Fwp%2Fv2%2Fcategories&post=121573"},{"taxonomy":"post_tag","embeddable":true,"href":"https:\/\/diarioregionaldigital.com.br\/index.php?rest_route=%2Fwp%2Fv2%2Ftags&post=121573"}],"curies":[{"name":"wp","href":"https:\/\/api.w.org\/{rel}","templated":true}]}}