{"id":121558,"date":"2018-10-04T09:06:03","date_gmt":"2018-10-04T12:06:03","guid":{"rendered":"https:\/\/diarioregionaldigital.com.br\/?p=121558"},"modified":"2018-10-04T09:09:39","modified_gmt":"2018-10-04T12:09:39","slug":"locais-da-prova-do-enem-devem-ser-divulgados-dia-22","status":"publish","type":"post","link":"https:\/\/diarioregionaldigital.com.br\/?p=121558","title":{"rendered":"Locais da prova do Enem devem ser divulgados dia 22"},"content":{"rendered":"<p>Os locais de prova do Exame Nacional do Ensino M\u00e9dio (Enem) est\u00e3o previstos para serem divulgados\u00a0no pr\u00f3ximo dia, 22, pelo\u00a0Instituto Nacional de Estudos e Pesquisas Educacionais (Inep). Os candidatos poder\u00e3o acess\u00e1-lo pela P\u00e1gina do Participante. As provas ser\u00e3o aplicadas nos dias 4 e 11 de novembro.<\/p>\n<p>Ap\u00f3s verificarem os locais onde far\u00e3o a prova, a recomenda\u00e7\u00e3o do Inep \u00e9 que os estudantes conhe\u00e7am previamente o caminho que ser\u00e1 percorrido nos dias do Enem antes da data do exame, para se familiarizarem com a rota, evitando imprevistos no dia.<\/p>\n<p>Na reta final para o exame, o Inep informa que os estudantes devem ficar atentos e acompanhar as divulga\u00e7\u00f5es do instituto, seja pelo site oficial, seja pelo Facebook ou Instagram.<\/p>\n<h5>Estudantes<\/h5>\n<p>Neste ano, 5,5 milh\u00f5es de estudantes em todo o pa\u00eds far\u00e3o o Enem, o que significa imprimir 11 milh\u00f5es de cadernos de quest\u00f5es. Na semana passada o Inep come\u00e7ou a enviar as provas para as 27 unidades da federa\u00e7\u00e3o, at\u00e9 ent\u00e3o, elas estavam armazenadas em um batalh\u00e3o do Ex\u00e9rcito Brasileiro do estado de S\u00e3o Paulo.<\/p>\n<p>A opera\u00e7\u00e3o envolve\u00a0 Minist\u00e9rio da Educa\u00e7\u00e3o (MEC), Minist\u00e9rio da Defesa, Inep e a Empresa Brasileira de Correios e Tel\u00e9grafos (ECT).<\/p>\n<p>As provas seguem para pontos de armazenagem no interior do pa\u00eds. S\u00f3 no dia das provas, 4 e 11 de novembro, as provas ser\u00e3o enviadas para os 1.725 munic\u00edpios\u00a0 de aplica\u00e7\u00e3o, sempre com escolta policial e rastreamento via sat\u00e9lite.<\/p>\n<h5>Dicas<\/h5>\n<p>Desde a semana passada est\u00e1 dispon\u00edvel a Cartilha da Reda\u00e7\u00e3o, em vers\u00e3o em PDF, para ouvintes, e em v\u00eddeo em L\u00edngua Brasileiras de Sinais (Libras), para surdos e deficientes auditivos.<\/p>\n<p>A Cartilha detalha todas as compet\u00eancias avaliadas e explica quais crit\u00e9rios ser\u00e3o utilizados nas corre\u00e7\u00f5es dos textos. Nela est\u00e3o tamb\u00e9m reda\u00e7\u00f5es que obtiveram pontua\u00e7\u00e3o m\u00e1xima no Enem 2017, com coment\u00e1rios.<\/p>\n<p>Segundo o Inep, a ideia \u00e9 apresentar exemplos positivos que contemplaram todos os crit\u00e9rios m\u00e1ximos de corre\u00e7\u00e3o pelos diferentes corretores.<\/p>\n<p>Na p\u00e1gina do Inep \u00e9 poss\u00edvel ainda acessar todas as edi\u00e7\u00f5es anteriores do Enem e os respectivos gabaritos.<\/p>\n<p>Est\u00e1 dispon\u00edvel tamb\u00e9m uma p\u00e1gina com respostas \u00e0s d\u00favidas mais frequentes sobre o Enem.<\/p>\n","protected":false},"excerpt":{"rendered":"<p>Os locais de prova do Exame Nacional do Ensino M\u00e9dio (Enem) est\u00e3o previstos para serem divulgados\u00a0no pr\u00f3ximo dia, 22, pelo\u00a0Instituto Nacional de Estudos e Pesquisas Educacionais (Inep). Os candidatos poder\u00e3o acess\u00e1-lo pela P\u00e1gina do Participante. As provas ser\u00e3o aplicadas nos dias 4 e 11 de novembro. Ap\u00f3s verificarem os locais onde far\u00e3o a prova, a [&hellip;]<\/p>\n","protected":false},"author":96,"featured_media":121560,"comment_status":"closed","ping_status":"closed","sticky":false,"template":"","format":"standard","meta":{"footnotes":""},"categories":[302,440,439],"tags":[],"class_list":["post-121558","post","type-post","status-publish","format-standard","has-post-thumbnail","hentry","category-brasil-mundo","category-destaques-do-dia","category-ultima-hora"],"_links":{"self":[{"href":"https:\/\/diarioregionaldigital.com.br\/index.php?rest_route=\/wp\/v2\/posts\/121558","targetHints":{"allow":["GET"]}}],"collection":[{"href":"https:\/\/diarioregionaldigital.com.br\/index.php?rest_route=\/wp\/v2\/posts"}],"about":[{"href":"https:\/\/diarioregionaldigital.com.br\/index.php?rest_route=\/wp\/v2\/types\/post"}],"author":[{"embeddable":true,"href":"https:\/\/diarioregionaldigital.com.br\/index.php?rest_route=\/wp\/v2\/users\/96"}],"replies":[{"embeddable":true,"href":"https:\/\/diarioregionaldigital.com.br\/index.php?rest_route=%2Fwp%2Fv2%2Fcomments&post=121558"}],"version-history":[{"count":0,"href":"https:\/\/diarioregionaldigital.com.br\/index.php?rest_route=\/wp\/v2\/posts\/121558\/revisions"}],"wp:featuredmedia":[{"embeddable":true,"href":"https:\/\/diarioregionaldigital.com.br\/index.php?rest_route=\/wp\/v2\/media\/121560"}],"wp:attachment":[{"href":"https:\/\/diarioregionaldigital.com.br\/index.php?rest_route=%2Fwp%2Fv2%2Fmedia&parent=121558"}],"wp:term":[{"taxonomy":"category","embeddable":true,"href":"https:\/\/diarioregionaldigital.com.br\/index.php?rest_route=%2Fwp%2Fv2%2Fcategories&post=121558"},{"taxonomy":"post_tag","embeddable":true,"href":"https:\/\/diarioregionaldigital.com.br\/index.php?rest_route=%2Fwp%2Fv2%2Ftags&post=121558"}],"curies":[{"name":"wp","href":"https:\/\/api.w.org\/{rel}","templated":true}]}}