{"id":121556,"date":"2018-10-04T08:45:42","date_gmt":"2018-10-04T11:45:42","guid":{"rendered":"https:\/\/diarioregionaldigital.com.br\/?p=121556"},"modified":"2018-10-04T08:46:26","modified_gmt":"2018-10-04T11:46:26","slug":"homens-roubam-dinheiro-de-pedestre-na-avenida-jk","status":"publish","type":"post","link":"https:\/\/diarioregionaldigital.com.br\/?p=121556","title":{"rendered":"Homens roubam dinheiro de pedestre na Avenida JK"},"content":{"rendered":"<p>Um homem de 52 anos foi assaltado na Avenida Presidente Juscelino Kubitschek , no bairro Barbosa Lage, zona Norte de Juiz de Fora, no fim da noite dessa quarta-feira, 03. Eram por volta de 23h30 quando ele foi abordado por dois indiv\u00edduos que estavam em uma moto.<\/p>\n<p>Segundo relato \u00e0 Pol\u00edcia Militar, o carona estava armado e conseguiu roubar a carteira da v\u00edtima, que continha documentos pessoais e a quantia de R$70.<\/p>\n<p>A PM chegou a fazer um rastreamento na regi\u00e3o, mas ningu\u00e9m foi encontrado.<\/p>\n","protected":false},"excerpt":{"rendered":"<p>Um homem de 52 anos foi assaltado na Avenida Presidente Juscelino Kubitschek , no bairro Barbosa Lage, zona Norte de Juiz de Fora, no fim da noite dessa quarta-feira, 03. Eram por volta de 23h30 quando ele foi abordado por dois indiv\u00edduos que estavam em uma moto. Segundo relato \u00e0 Pol\u00edcia Militar, o carona estava [&hellip;]<\/p>\n","protected":false},"author":96,"featured_media":95836,"comment_status":"closed","ping_status":"closed","sticky":false,"template":"","format":"standard","meta":{"footnotes":""},"categories":[301],"tags":[],"class_list":["post-121556","post","type-post","status-publish","format-standard","has-post-thumbnail","hentry","category-artigos-policiais"],"_links":{"self":[{"href":"https:\/\/diarioregionaldigital.com.br\/index.php?rest_route=\/wp\/v2\/posts\/121556","targetHints":{"allow":["GET"]}}],"collection":[{"href":"https:\/\/diarioregionaldigital.com.br\/index.php?rest_route=\/wp\/v2\/posts"}],"about":[{"href":"https:\/\/diarioregionaldigital.com.br\/index.php?rest_route=\/wp\/v2\/types\/post"}],"author":[{"embeddable":true,"href":"https:\/\/diarioregionaldigital.com.br\/index.php?rest_route=\/wp\/v2\/users\/96"}],"replies":[{"embeddable":true,"href":"https:\/\/diarioregionaldigital.com.br\/index.php?rest_route=%2Fwp%2Fv2%2Fcomments&post=121556"}],"version-history":[{"count":0,"href":"https:\/\/diarioregionaldigital.com.br\/index.php?rest_route=\/wp\/v2\/posts\/121556\/revisions"}],"wp:featuredmedia":[{"embeddable":true,"href":"https:\/\/diarioregionaldigital.com.br\/index.php?rest_route=\/wp\/v2\/media\/95836"}],"wp:attachment":[{"href":"https:\/\/diarioregionaldigital.com.br\/index.php?rest_route=%2Fwp%2Fv2%2Fmedia&parent=121556"}],"wp:term":[{"taxonomy":"category","embeddable":true,"href":"https:\/\/diarioregionaldigital.com.br\/index.php?rest_route=%2Fwp%2Fv2%2Fcategories&post=121556"},{"taxonomy":"post_tag","embeddable":true,"href":"https:\/\/diarioregionaldigital.com.br\/index.php?rest_route=%2Fwp%2Fv2%2Ftags&post=121556"}],"curies":[{"name":"wp","href":"https:\/\/api.w.org\/{rel}","templated":true}]}}