{"id":121552,"date":"2018-10-04T08:29:48","date_gmt":"2018-10-04T11:29:48","guid":{"rendered":"https:\/\/diarioregionaldigital.com.br\/?p=121552"},"modified":"2018-10-04T08:35:01","modified_gmt":"2018-10-04T11:35:01","slug":"jovens-roubam-moto-e-sao-encontrados-pela-policia-militar","status":"publish","type":"post","link":"https:\/\/diarioregionaldigital.com.br\/?p=121552","title":{"rendered":"Jovens roubam moto e s\u00e3o encontrados pela Pol\u00edcia Militar"},"content":{"rendered":"<p>A Pol\u00edcia Militar prendeu dois jovens e apreendeu um menor nessa quarta-feira, 03, pelo roubo de uma motocicleta. O dono do ve\u00edculo, um homem de 47 anos, localizou um dos assaltantes e informou \u00e0 Pol\u00edcia Militar, que foi at\u00e9 a casa do indiv\u00edduo, na Rua Jequitib\u00e1, no bairro Amaz\u00f4nia, regi\u00e3o Norte de Juiz de Fora.<\/p>\n<p>O autor confessou o crime, levando os policiais militares at\u00e9 o local onde a moto estava escondida. Na casa dele, ainda foi encontrada uma r\u00e9plica de arma de fogo que teria sido usada no momento do roubo.<\/p>\n<p>O jovem tamb\u00e9m indicou \u00e0 PM quem seriam os outros respons\u00e1veis pelo roubo da moto. Foi feito deslocamento at\u00e9 a casa dos demais autores, onde foram localizados um cachimbo do estilo narguil\u00e9, um cigarro de maconha e um instrumento conhecido como dichavador, utilizado para tritura\u00e7\u00e3o de fumo.<\/p>\n<p>Os tr\u00eas jovens foram presos e encaminhados \u00e0 delegacia.<\/p>\n","protected":false},"excerpt":{"rendered":"<p>A Pol\u00edcia Militar prendeu dois jovens e apreendeu um menor nessa quarta-feira, 03, pelo roubo de uma motocicleta. O dono do ve\u00edculo, um homem de 47 anos, localizou um dos assaltantes e informou \u00e0 Pol\u00edcia Militar, que foi at\u00e9 a casa do indiv\u00edduo, na Rua Jequitib\u00e1, no bairro Amaz\u00f4nia, regi\u00e3o Norte de Juiz de Fora. [&hellip;]<\/p>\n","protected":false},"author":96,"featured_media":95836,"comment_status":"closed","ping_status":"closed","sticky":false,"template":"","format":"standard","meta":{"footnotes":""},"categories":[301],"tags":[],"class_list":["post-121552","post","type-post","status-publish","format-standard","has-post-thumbnail","hentry","category-artigos-policiais"],"_links":{"self":[{"href":"https:\/\/diarioregionaldigital.com.br\/index.php?rest_route=\/wp\/v2\/posts\/121552","targetHints":{"allow":["GET"]}}],"collection":[{"href":"https:\/\/diarioregionaldigital.com.br\/index.php?rest_route=\/wp\/v2\/posts"}],"about":[{"href":"https:\/\/diarioregionaldigital.com.br\/index.php?rest_route=\/wp\/v2\/types\/post"}],"author":[{"embeddable":true,"href":"https:\/\/diarioregionaldigital.com.br\/index.php?rest_route=\/wp\/v2\/users\/96"}],"replies":[{"embeddable":true,"href":"https:\/\/diarioregionaldigital.com.br\/index.php?rest_route=%2Fwp%2Fv2%2Fcomments&post=121552"}],"version-history":[{"count":0,"href":"https:\/\/diarioregionaldigital.com.br\/index.php?rest_route=\/wp\/v2\/posts\/121552\/revisions"}],"wp:featuredmedia":[{"embeddable":true,"href":"https:\/\/diarioregionaldigital.com.br\/index.php?rest_route=\/wp\/v2\/media\/95836"}],"wp:attachment":[{"href":"https:\/\/diarioregionaldigital.com.br\/index.php?rest_route=%2Fwp%2Fv2%2Fmedia&parent=121552"}],"wp:term":[{"taxonomy":"category","embeddable":true,"href":"https:\/\/diarioregionaldigital.com.br\/index.php?rest_route=%2Fwp%2Fv2%2Fcategories&post=121552"},{"taxonomy":"post_tag","embeddable":true,"href":"https:\/\/diarioregionaldigital.com.br\/index.php?rest_route=%2Fwp%2Fv2%2Ftags&post=121552"}],"curies":[{"name":"wp","href":"https:\/\/api.w.org\/{rel}","templated":true}]}}