{"id":121549,"date":"2018-10-04T07:57:43","date_gmt":"2018-10-04T10:57:43","guid":{"rendered":"https:\/\/diarioregionaldigital.com.br\/?p=121549"},"modified":"2018-10-04T07:59:05","modified_gmt":"2018-10-04T10:59:05","slug":"policia-militar-registra-assalto-no-mariano-procopio","status":"publish","type":"post","link":"https:\/\/diarioregionaldigital.com.br\/?p=121549","title":{"rendered":"Pol\u00edcia Militar registra assalto no Mariano Proc\u00f3pio"},"content":{"rendered":"<p>Uma mulher de 35 anos foi assaltada na Rua Jos\u00e9 Calil Ahouagi, no bairro Mariano Proc\u00f3pio, regi\u00e3o central de Juiz de Fora, nessa quarta-feira, 03.\u00a0 De acordo com relato \u00e0 Pol\u00edcia Militar (PM), ela passava pela via quando foi abordada por dois homens, um deles armado com um rev\u00f3lver, que roubou o celular dela. O crime aconteceu por volta das 15h.<\/p>\n<p>Ap\u00f3s o assalto, os autores fugiram. O que possu\u00eda a arma foi identificado pela mulher ap\u00f3s a PM apresentar para ela um \u00e1lbum de fotografias. At\u00e9 agora, ningu\u00e9m foi preso.<\/p>\n","protected":false},"excerpt":{"rendered":"<p>Uma mulher de 35 anos foi assaltada na Rua Jos\u00e9 Calil Ahouagi, no bairro Mariano Proc\u00f3pio, regi\u00e3o central de Juiz de Fora, nessa quarta-feira, 03.\u00a0 De acordo com relato \u00e0 Pol\u00edcia Militar (PM), ela passava pela via quando foi abordada por dois homens, um deles armado com um rev\u00f3lver, que roubou o celular dela. O [&hellip;]<\/p>\n","protected":false},"author":96,"featured_media":95836,"comment_status":"closed","ping_status":"closed","sticky":false,"template":"","format":"standard","meta":{"footnotes":""},"categories":[301],"tags":[],"class_list":["post-121549","post","type-post","status-publish","format-standard","has-post-thumbnail","hentry","category-artigos-policiais"],"_links":{"self":[{"href":"https:\/\/diarioregionaldigital.com.br\/index.php?rest_route=\/wp\/v2\/posts\/121549","targetHints":{"allow":["GET"]}}],"collection":[{"href":"https:\/\/diarioregionaldigital.com.br\/index.php?rest_route=\/wp\/v2\/posts"}],"about":[{"href":"https:\/\/diarioregionaldigital.com.br\/index.php?rest_route=\/wp\/v2\/types\/post"}],"author":[{"embeddable":true,"href":"https:\/\/diarioregionaldigital.com.br\/index.php?rest_route=\/wp\/v2\/users\/96"}],"replies":[{"embeddable":true,"href":"https:\/\/diarioregionaldigital.com.br\/index.php?rest_route=%2Fwp%2Fv2%2Fcomments&post=121549"}],"version-history":[{"count":0,"href":"https:\/\/diarioregionaldigital.com.br\/index.php?rest_route=\/wp\/v2\/posts\/121549\/revisions"}],"wp:featuredmedia":[{"embeddable":true,"href":"https:\/\/diarioregionaldigital.com.br\/index.php?rest_route=\/wp\/v2\/media\/95836"}],"wp:attachment":[{"href":"https:\/\/diarioregionaldigital.com.br\/index.php?rest_route=%2Fwp%2Fv2%2Fmedia&parent=121549"}],"wp:term":[{"taxonomy":"category","embeddable":true,"href":"https:\/\/diarioregionaldigital.com.br\/index.php?rest_route=%2Fwp%2Fv2%2Fcategories&post=121549"},{"taxonomy":"post_tag","embeddable":true,"href":"https:\/\/diarioregionaldigital.com.br\/index.php?rest_route=%2Fwp%2Fv2%2Ftags&post=121549"}],"curies":[{"name":"wp","href":"https:\/\/api.w.org\/{rel}","templated":true}]}}