{"id":121533,"date":"2018-10-04T06:00:16","date_gmt":"2018-10-04T09:00:16","guid":{"rendered":"https:\/\/diarioregionaldigital.com.br\/?p=121533"},"modified":"2018-10-04T01:46:14","modified_gmt":"2018-10-04T04:46:14","slug":"outubro-rosa","status":"publish","type":"post","link":"https:\/\/diarioregionaldigital.com.br\/?p=121533","title":{"rendered":"Outubro Rosa"},"content":{"rendered":"<p style=\"text-align: center;\"><strong>Outubro Rosa <\/strong><\/p>\n<p style=\"text-align: center;\">Ser\u00e1 lan\u00e7ado no s\u00e1bado, 6 de outubro, o Projeto \u201cAcredite na Energia\u201d, com foco social na mulher portadora de c\u00e2ncer. Na oportunidade, a master coach e trainer em empoderamento feminino, Gilmara Delgado Rocha, vai fazer uma palestra sobre a assunto; Cris Bissoli falar\u00e1 sobre supera\u00e7\u00e3o do c\u00e2ncer, e haver\u00e1, ainda, com destaque, um banco de len\u00e7os com a loja By Candy. Ser\u00e1 no Centro de Estudos Monte Sinai-Neocl\u00ednica.<\/p>\n<p style=\"text-align: center;\"><strong>Cuidados com o Idoso<\/strong><\/p>\n<p style=\"text-align: center;\">O Sesc Juiz de Fora obteve assist\u00eancia total de p\u00fablico com a realiza\u00e7\u00e3o do evento #SescMinas #IdosoCidad\u00e3o, com encontro e atividades e a participa\u00e7\u00e3o de profissionais de refer\u00eancia que trataram de diversos assuntos de interesse p\u00fablico como a rela\u00e7\u00e3o do idoso com a sociedade nos tempos de hoje.<\/p>\n<p style=\"text-align: center;\"><strong>Al\u00f4 Al\u00f4<\/strong><\/p>\n<p style=\"text-align: center;\">A popula\u00e7\u00e3o j\u00e1 n\u00e3o aguenta mais o que as empresas de telefonia fazem conosco. Ligam v\u00e1rias vezes ao dia, na maioria das vezes, oferecendo servi\u00e7o. Mas atualmente ligam e, quando se atende, a liga\u00e7\u00e3o cai. Est\u00e3o todos indignados, entramos em contato com a Anatel, a qual informou que nada poderia fazer. Ningu\u00e9m merece!<\/p>\n<p style=\"text-align: center;\"><strong>Economia<\/strong><\/p>\n<p style=\"text-align: center;\">O banco de investimentos Rothschild est\u00e1 procurando compradores para a rede P\u00e3o de A\u00e7\u00facar e para as opera\u00e7\u00f5es do Casino na Col\u00f4mbia. Coisa para gente muito grande: no Brasil s\u00e3o 1.074 lojas com faturamento de R$149 bilh\u00f5es por ano. Algu\u00e9m se habilita?<\/p>\n<div id=\"attachment_121517\" style=\"width: 690px\" class=\"wp-caption aligncenter\"><img loading=\"lazy\" decoding=\"async\" aria-describedby=\"caption-attachment-121517\" class=\"wp-image-121517\" src=\"https:\/\/diarioregionaldigital.com.br\/wp-content\/uploads\/2018\/10\/fotoa-2.jpg\" alt=\"\" width=\"680\" height=\"473\" srcset=\"https:\/\/diarioregionaldigital.com.br\/wp-content\/uploads\/2018\/10\/fotoa-2.jpg 960w, https:\/\/diarioregionaldigital.com.br\/wp-content\/uploads\/2018\/10\/fotoa-2-300x210.jpg 300w, https:\/\/diarioregionaldigital.com.br\/wp-content\/uploads\/2018\/10\/fotoa-2-768x534.jpg 768w, https:\/\/diarioregionaldigital.com.br\/wp-content\/uploads\/2018\/10\/fotoa-2-360x251.jpg 360w, https:\/\/diarioregionaldigital.com.br\/wp-content\/uploads\/2018\/10\/fotoa-2-100x70.jpg 100w\" sizes=\"auto, (max-width: 680px) 100vw, 680px\" \/><p id=\"caption-attachment-121517\" class=\"wp-caption-text\">Personalidades 2018 no Casar\u00e3o Mariana Citrole, Luciano de Castro e a super Cris Bissoli<\/p><\/div>\n<div id=\"attachment_121518\" style=\"width: 690px\" class=\"wp-caption aligncenter\"><img loading=\"lazy\" decoding=\"async\" aria-describedby=\"caption-attachment-121518\" class=\"wp-image-121518\" src=\"https:\/\/diarioregionaldigital.com.br\/wp-content\/uploads\/2018\/10\/fotob-1-e1538598538424.jpg\" alt=\"\" width=\"680\" height=\"680\" srcset=\"https:\/\/diarioregionaldigital.com.br\/wp-content\/uploads\/2018\/10\/fotob-1-e1538598538424.jpg 926w, https:\/\/diarioregionaldigital.com.br\/wp-content\/uploads\/2018\/10\/fotob-1-e1538598538424-150x150.jpg 150w, https:\/\/diarioregionaldigital.com.br\/wp-content\/uploads\/2018\/10\/fotob-1-e1538598538424-300x300.jpg 300w, https:\/\/diarioregionaldigital.com.br\/wp-content\/uploads\/2018\/10\/fotob-1-e1538598538424-768x768.jpg 768w, https:\/\/diarioregionaldigital.com.br\/wp-content\/uploads\/2018\/10\/fotob-1-e1538598538424-180x180.jpg 180w, https:\/\/diarioregionaldigital.com.br\/wp-content\/uploads\/2018\/10\/fotob-1-e1538598538424-600x600.jpg 600w, https:\/\/diarioregionaldigital.com.br\/wp-content\/uploads\/2018\/10\/fotob-1-e1538598538424-120x120.jpg 120w, https:\/\/diarioregionaldigital.com.br\/wp-content\/uploads\/2018\/10\/fotob-1-e1538598538424-360x360.jpg 360w, https:\/\/diarioregionaldigital.com.br\/wp-content\/uploads\/2018\/10\/fotob-1-e1538598538424-80x80.jpg 80w\" sizes=\"auto, (max-width: 680px) 100vw, 680px\" \/><p id=\"caption-attachment-121518\" class=\"wp-caption-text\">Talentoso o \u2018chef\u2019, Lucas Henrique \u00e9 Revela\u00e7\u00e3o 2018 na \u00e1rea gastron\u00f4mica em JF<\/p><\/div>\n<div id=\"attachment_121519\" style=\"width: 690px\" class=\"wp-caption aligncenter\"><img loading=\"lazy\" decoding=\"async\" aria-describedby=\"caption-attachment-121519\" class=\"wp-image-121519\" src=\"https:\/\/diarioregionaldigital.com.br\/wp-content\/uploads\/2018\/10\/fotoc-2.jpg\" alt=\"\" width=\"680\" height=\"497\" srcset=\"https:\/\/diarioregionaldigital.com.br\/wp-content\/uploads\/2018\/10\/fotoc-2.jpg 550w, https:\/\/diarioregionaldigital.com.br\/wp-content\/uploads\/2018\/10\/fotoc-2-300x219.jpg 300w, https:\/\/diarioregionaldigital.com.br\/wp-content\/uploads\/2018\/10\/fotoc-2-360x263.jpg 360w\" sizes=\"auto, (max-width: 680px) 100vw, 680px\" \/><p id=\"caption-attachment-121519\" class=\"wp-caption-text\">Campe\u00f5es na Esta\u00e7\u00e3o Grill, Carlos Henrique Batitucci, Lucio Mauro Del\u2019 Ducca, Marc\u00edlio Gomes e Alvaro Ant\u00f4nio Lamha<\/p><\/div>\n<div id=\"attachment_121520\" style=\"width: 690px\" class=\"wp-caption aligncenter\"><img loading=\"lazy\" decoding=\"async\" aria-describedby=\"caption-attachment-121520\" class=\"wp-image-121520\" src=\"https:\/\/diarioregionaldigital.com.br\/wp-content\/uploads\/2018\/10\/fotod-2.jpg\" alt=\"\" width=\"680\" height=\"497\" srcset=\"https:\/\/diarioregionaldigital.com.br\/wp-content\/uploads\/2018\/10\/fotod-2.jpg 1584w, https:\/\/diarioregionaldigital.com.br\/wp-content\/uploads\/2018\/10\/fotod-2-300x219.jpg 300w, https:\/\/diarioregionaldigital.com.br\/wp-content\/uploads\/2018\/10\/fotod-2-768x561.jpg 768w, https:\/\/diarioregionaldigital.com.br\/wp-content\/uploads\/2018\/10\/fotod-2-1024x749.jpg 1024w, https:\/\/diarioregionaldigital.com.br\/wp-content\/uploads\/2018\/10\/fotod-2-360x263.jpg 360w\" sizes=\"auto, (max-width: 680px) 100vw, 680px\" \/><p id=\"caption-attachment-121520\" class=\"wp-caption-text\">Jornalistas de hoje e sempre em encontro descontra\u00eddo, Andreia Pereira, Zilvan Martins e Cl\u00e1udia Pires<\/p><\/div>\n<div id=\"attachment_121521\" style=\"width: 690px\" class=\"wp-caption aligncenter\"><img loading=\"lazy\" decoding=\"async\" aria-describedby=\"caption-attachment-121521\" class=\"wp-image-121521\" src=\"https:\/\/diarioregionaldigital.com.br\/wp-content\/uploads\/2018\/10\/fotoe-2-e1538598569592.jpg\" alt=\"\" width=\"680\" height=\"598\" srcset=\"https:\/\/diarioregionaldigital.com.br\/wp-content\/uploads\/2018\/10\/fotoe-2-e1538598569592.jpg 524w, https:\/\/diarioregionaldigital.com.br\/wp-content\/uploads\/2018\/10\/fotoe-2-e1538598569592-300x264.jpg 300w, https:\/\/diarioregionaldigital.com.br\/wp-content\/uploads\/2018\/10\/fotoe-2-e1538598569592-360x317.jpg 360w\" sizes=\"auto, (max-width: 680px) 100vw, 680px\" \/><p id=\"caption-attachment-121521\" class=\"wp-caption-text\">Na ASE, a M\u00e1ster Coach Gilmara Delgado Rocha confraterniza com Eduardo Gomes<\/p><\/div>\n<div id=\"attachment_121522\" style=\"width: 690px\" class=\"wp-caption aligncenter\"><img loading=\"lazy\" decoding=\"async\" aria-describedby=\"caption-attachment-121522\" class=\"wp-image-121522\" src=\"https:\/\/diarioregionaldigital.com.br\/wp-content\/uploads\/2018\/10\/fotof-2-e1538598594390.jpg\" alt=\"\" width=\"680\" height=\"528\" srcset=\"https:\/\/diarioregionaldigital.com.br\/wp-content\/uploads\/2018\/10\/fotof-2-e1538598594390.jpg 399w, https:\/\/diarioregionaldigital.com.br\/wp-content\/uploads\/2018\/10\/fotof-2-e1538598594390-300x233.jpg 300w, https:\/\/diarioregionaldigital.com.br\/wp-content\/uploads\/2018\/10\/fotof-2-e1538598594390-360x280.jpg 360w\" sizes=\"auto, (max-width: 680px) 100vw, 680px\" \/><p id=\"caption-attachment-121522\" class=\"wp-caption-text\">Lindos na Festa Fresch no Hotel Green Hill, os irm\u00e3os Andressa e Victor Tostes<\/p><\/div>\n<div id=\"attachment_121524\" style=\"width: 690px\" class=\"wp-caption aligncenter\"><img loading=\"lazy\" decoding=\"async\" aria-describedby=\"caption-attachment-121524\" class=\"wp-image-121524\" src=\"https:\/\/diarioregionaldigital.com.br\/wp-content\/uploads\/2018\/10\/fotoh-2-e1538598658434.jpg\" alt=\"\" width=\"680\" height=\"510\" srcset=\"https:\/\/diarioregionaldigital.com.br\/wp-content\/uploads\/2018\/10\/fotoh-2-e1538598658434.jpg 866w, https:\/\/diarioregionaldigital.com.br\/wp-content\/uploads\/2018\/10\/fotoh-2-e1538598658434-300x225.jpg 300w, https:\/\/diarioregionaldigital.com.br\/wp-content\/uploads\/2018\/10\/fotoh-2-e1538598658434-768x576.jpg 768w, https:\/\/diarioregionaldigital.com.br\/wp-content\/uploads\/2018\/10\/fotoh-2-e1538598658434-360x270.jpg 360w\" sizes=\"auto, (max-width: 680px) 100vw, 680px\" \/><p id=\"caption-attachment-121524\" class=\"wp-caption-text\">No Autom\u00f3vel clube de Barbacena na Festa das Rosas, as elegante Manina Andrada, Jacqueline Vianna, Maria Ang\u00e9lica Andrade (Hostess), Ana L\u00edvia Delgado Sagioro e Renata Santos Mota Duarte<\/p><\/div>\n<div id=\"attachment_121525\" style=\"width: 690px\" class=\"wp-caption aligncenter\"><img loading=\"lazy\" decoding=\"async\" aria-describedby=\"caption-attachment-121525\" class=\"wp-image-121525\" src=\"https:\/\/diarioregionaldigital.com.br\/wp-content\/uploads\/2018\/10\/fotoi-1-e1538598704270.jpg\" alt=\"\" width=\"680\" height=\"643\" srcset=\"https:\/\/diarioregionaldigital.com.br\/wp-content\/uploads\/2018\/10\/fotoi-1-e1538598704270.jpg 465w, https:\/\/diarioregionaldigital.com.br\/wp-content\/uploads\/2018\/10\/fotoi-1-e1538598704270-300x284.jpg 300w, https:\/\/diarioregionaldigital.com.br\/wp-content\/uploads\/2018\/10\/fotoi-1-e1538598704270-360x341.jpg 360w\" sizes=\"auto, (max-width: 680px) 100vw, 680px\" \/><p id=\"caption-attachment-121525\" class=\"wp-caption-text\">No Casar\u00e3o a Personalidade 2018 Rafael kilder<\/p><\/div>\n<div id=\"attachment_121544\" style=\"width: 690px\" class=\"wp-caption aligncenter\"><img loading=\"lazy\" decoding=\"async\" aria-describedby=\"caption-attachment-121544\" class=\"wp-image-121544\" src=\"https:\/\/diarioregionaldigital.com.br\/wp-content\/uploads\/2018\/10\/fotoj-2-e1538628332361.jpg\" alt=\"\" width=\"680\" height=\"494\" srcset=\"https:\/\/diarioregionaldigital.com.br\/wp-content\/uploads\/2018\/10\/fotoj-2-e1538628332361.jpg 873w, https:\/\/diarioregionaldigital.com.br\/wp-content\/uploads\/2018\/10\/fotoj-2-e1538628332361-300x218.jpg 300w, https:\/\/diarioregionaldigital.com.br\/wp-content\/uploads\/2018\/10\/fotoj-2-e1538628332361-768x558.jpg 768w, https:\/\/diarioregionaldigital.com.br\/wp-content\/uploads\/2018\/10\/fotoj-2-e1538628332361-360x261.jpg 360w\" sizes=\"auto, (max-width: 680px) 100vw, 680px\" \/><p id=\"caption-attachment-121544\" class=\"wp-caption-text\">No Caf\u00e9 MultSa\u00fade em Matias Barbosa a empres\u00e1ria Marcelle Oliveira e o coiffeur Alexandre Henter<\/p><\/div>\n<div id=\"attachment_121523\" style=\"width: 690px\" class=\"wp-caption aligncenter\"><img loading=\"lazy\" decoding=\"async\" aria-describedby=\"caption-attachment-121523\" class=\"wp-image-121523\" src=\"https:\/\/diarioregionaldigital.com.br\/wp-content\/uploads\/2018\/10\/fotog-2-e1538598618790.jpg\" alt=\"\" width=\"680\" height=\"500\" srcset=\"https:\/\/diarioregionaldigital.com.br\/wp-content\/uploads\/2018\/10\/fotog-2-e1538598618790.jpg 499w, https:\/\/diarioregionaldigital.com.br\/wp-content\/uploads\/2018\/10\/fotog-2-e1538598618790-300x221.jpg 300w, https:\/\/diarioregionaldigital.com.br\/wp-content\/uploads\/2018\/10\/fotog-2-e1538598618790-360x265.jpg 360w\" sizes=\"auto, (max-width: 680px) 100vw, 680px\" \/><p id=\"caption-attachment-121523\" class=\"wp-caption-text\">Em seu \u201cDia D\u201d no Mangarito os noivos L\u00edvia Cestaro e Wallace Kiffer com os pais Denise e F\u00e1bio Santiago e Magali e Benedito Maaldi<\/p><\/div>\n<p style=\"text-align: center;\"><strong>FOTOSS\u00cdNTESE<\/strong><\/p>\n<p>Com ambientes bel\u00edssimos, a mostra Casa Design Juiz de Fora j\u00e1 est\u00e1 instalada na rua Sampaio n\u00ba 261, no Granbery.<\/p>\n<p>Em estilo anivers\u00e1rio, a Unicred completa 25 anos de atua\u00e7\u00e3o em Juiz de Fora com festa no dia 20 de outubro de 2018, \u00e0s 22h, no Terrazzo Centro de Eventos<\/p>\n<p>Em tempo de temperatura inst\u00e1vel, a Cesama alerta para que o povo economize \u00e1gua.<\/p>\n<p>Localizado dentro de uma reserva ecol\u00f3gica, o bar Emp\u00f3rio de Minas \u00e9 um sucesso s\u00f3. Ponto para o propriet\u00e1rio Moredson Trajano.<\/p>\n<p>Com sua por\u00e7\u00e3o tel\u00farica, a psic\u00f3loga e escritora Rosangela Rossi vai lan\u00e7ar no dia 10 de novembro, no Hotel Serrano, o seu novo livro \u201cDeus joga ou n\u00e3o joga dados-Cartas Existenciais\u201d.<\/p>\n<p>Para o Jantar Harmonizado, os cozinheiros 5 estrelas, Mateus Abdo e Jos\u00e9 C\u00e2ndido Gon\u00e7alves, v\u00e3o reunir no Serra do Ibitipoca Hotel e Lazer, no dia 13 de outubro, nomes catalogados da sociedade de Juiz de Fora e regi\u00e3o. Na noite o conceituado en\u00f3logo Lucas Sim\u00f5es.<\/p>\n<p>Ser\u00e1 no Espa\u00e7o Monet na regi\u00e3o do Bandeirantes, na 6\u00aa feira, 5, \u00e0s 18h, o happy hour, com card\u00e1pio \u00e1rabe da Cozinha Chique, a comemora\u00e7\u00e3o dos 20 anos da Funda\u00e7\u00e3o Amor.<\/p>\n<p>Contabilizando vit\u00f3ria, a equipe da Reumatocenter- Tratamento e Pesquisa recebeu acredita\u00e7\u00e3o Diamante em Congresso da Sociedade Brasileira de Reumatologia no Rio De Janeiro. Parab\u00e9ns para Antonio Scafuto Scotton, Rafael de Oliveira Fraga, Silviane Vassalo, Viviane Angelina de Souza e Marcelo Gon\u00e7alves Alvarenga.<\/p>\n<p>Procurando revitalizar empresas da Zona da Mata, o diretor da Saffi Consultoria de Juiz de Fora, o executivo Evandro Rodrigues, comemora um ano da empresa, com foco no sustent\u00e1vel.<\/p>\n<p>O Terrazzo recebe, no dia 27 de outubro, o especial\u00edssimo show de Zeca Pagodinho.<\/p>\n<p>Dignos de elogios Ana e Fernando Neiva Campos e os filhos Carol e Rafael comemoraram em grande estilo os 30 anos da Pizzaria Vaporetto, na Bar\u00e3o de Cataguases.<\/p>\n<p>O Congresso de Direito Tribut\u00e1rio acontece entre os dias 16 e 18 de outubro na OAB\/JF. Na oportunidade, ser\u00e1 lan\u00e7ado o livro do advogado e procurador da Fazenda Nacional, Daniel Giotti de Paula.<\/p>\n<p>Com o r\u00f3tulo de campe\u00e3, a Ag\u00eancia Rep\u00fablica faturou quatro trof\u00e9us no \u201cPr\u00eamio Spotlight de Criatividade\u201d.<\/p>\n<p>Para ser sutil. Assim como a dor da queimadura ensina a n\u00e3o tocar o fog\u00e3o aceso de novo, a tristeza de estar sozinho ensina a n\u00e3o repetir os comportamentos que causaram a solid\u00e3o. Bom Dia!<\/p>\n","protected":false},"excerpt":{"rendered":"<p>Outubro Rosa Ser\u00e1 lan\u00e7ado no s\u00e1bado, 6 de outubro, o Projeto \u201cAcredite na Energia\u201d, com foco social na mulher portadora de c\u00e2ncer. Na oportunidade, a master coach e trainer em empoderamento feminino, Gilmara Delgado Rocha, vai fazer uma palestra sobre a assunto; Cris Bissoli falar\u00e1 sobre supera\u00e7\u00e3o do c\u00e2ncer, e haver\u00e1, ainda, com destaque, um [&hellip;]<\/p>\n","protected":false},"author":96,"featured_media":121517,"comment_status":"closed","ping_status":"closed","sticky":false,"template":"","format":"standard","meta":{"footnotes":""},"categories":[264],"tags":[],"class_list":["post-121533","post","type-post","status-publish","format-standard","has-post-thumbnail","hentry","category-eduardo-gomes"],"_links":{"self":[{"href":"https:\/\/diarioregionaldigital.com.br\/index.php?rest_route=\/wp\/v2\/posts\/121533","targetHints":{"allow":["GET"]}}],"collection":[{"href":"https:\/\/diarioregionaldigital.com.br\/index.php?rest_route=\/wp\/v2\/posts"}],"about":[{"href":"https:\/\/diarioregionaldigital.com.br\/index.php?rest_route=\/wp\/v2\/types\/post"}],"author":[{"embeddable":true,"href":"https:\/\/diarioregionaldigital.com.br\/index.php?rest_route=\/wp\/v2\/users\/96"}],"replies":[{"embeddable":true,"href":"https:\/\/diarioregionaldigital.com.br\/index.php?rest_route=%2Fwp%2Fv2%2Fcomments&post=121533"}],"version-history":[{"count":0,"href":"https:\/\/diarioregionaldigital.com.br\/index.php?rest_route=\/wp\/v2\/posts\/121533\/revisions"}],"wp:featuredmedia":[{"embeddable":true,"href":"https:\/\/diarioregionaldigital.com.br\/index.php?rest_route=\/wp\/v2\/media\/121517"}],"wp:attachment":[{"href":"https:\/\/diarioregionaldigital.com.br\/index.php?rest_route=%2Fwp%2Fv2%2Fmedia&parent=121533"}],"wp:term":[{"taxonomy":"category","embeddable":true,"href":"https:\/\/diarioregionaldigital.com.br\/index.php?rest_route=%2Fwp%2Fv2%2Fcategories&post=121533"},{"taxonomy":"post_tag","embeddable":true,"href":"https:\/\/diarioregionaldigital.com.br\/index.php?rest_route=%2Fwp%2Fv2%2Ftags&post=121533"}],"curies":[{"name":"wp","href":"https:\/\/api.w.org\/{rel}","templated":true}]}}