{"id":121516,"date":"2018-10-03T16:55:21","date_gmt":"2018-10-03T19:55:21","guid":{"rendered":"https:\/\/diarioregionaldigital.com.br\/?p=121516"},"modified":"2018-10-03T16:55:21","modified_gmt":"2018-10-03T19:55:21","slug":"as-inscricoes-para-o-processo-seletivo-do-if-sudeste-mg-vao-ate-segunda-feira-8","status":"publish","type":"post","link":"https:\/\/diarioregionaldigital.com.br\/?p=121516","title":{"rendered":"As inscri\u00e7\u00f5es para o Processo Seletivo do IF Sudeste MG v\u00e3o at\u00e9 segunda-feira, 8"},"content":{"rendered":"<p class=\"rtejustify\">Esta \u00e9 a \u00faltima semana de inscri\u00e7\u00f5es\u00a0para o Processo Seletivo do IF Sudeste MG. Os candidatos interessados em concorrer a uma das 2.865\u00a0vagas para o primeiro semestre de 2019\u00a0precisam se inscrever at\u00e9 8 de outubro. O IF Sudeste MG\u00a0abre vagas para cursos t\u00e9cnicos, de gradua\u00e7\u00e3o e de p\u00f3s-gradua\u00e7\u00e3o nas unidades de Barbacena, Bom Sucesso, Juiz de Fora, Manhua\u00e7u, Muria\u00e9, Rio Pomba, Santos Dumont e S\u00e3o Jo\u00e3o del-Rei.\u00a0A rela\u00e7\u00e3o completa de cursos por c<em>ampi\u00a0<\/em>pode ser consultada nos editais, dispon\u00edveis no site da\u00a0Copese.<\/p>\n<p class=\"rtejustify\">As provas ser\u00e3o realizadas nos dias 24 e 25 de novembro. Para se inscrever, basta entrar no site da\u00a0Copese\u00a0e acessar a\u00a0\u00c1rea do Candidato. A taxa de inscri\u00e7\u00e3o dever\u00e1 ser paga at\u00e9 o dia 9 de outubro, apenas por quem n\u00e3o conseguiu a isen\u00e7\u00e3o. Para os alunos isentos, a guia ser\u00e1 emitida sem valor. \u00c9 importante ressaltar que mesmo os candidatos contemplados com a isen\u00e7\u00e3o\u00a0precisam se inscrever.<\/p>\n<p class=\"rtejustify\">O aluno que tiver dificuldade de acesso \u00e0 internet, pode buscar apoio em um dos\u00a0<em>campi<\/em>\u00a0do IF Sudeste MG. Computadores com acesso \u00e0 internet estar\u00e3o \u00e0 disposi\u00e7\u00e3o. A rela\u00e7\u00e3o dos\u00a0<em>campi\u00a0<\/em>e seus hor\u00e1rios de funcionamento tamb\u00e9m s\u00e3o encontrados nos editais, assim como todos os documentos necess\u00e1rios e outras informa\u00e7\u00f5es sobre o Processo Seletivo.<\/p>\n<p>Fonte: Assessoria<\/p>\n","protected":false},"excerpt":{"rendered":"<p>Esta \u00e9 a \u00faltima semana de inscri\u00e7\u00f5es\u00a0para o Processo Seletivo do IF Sudeste MG. Os candidatos interessados em concorrer a uma das 2.865\u00a0vagas para o primeiro semestre de 2019\u00a0precisam se inscrever at\u00e9 8 de outubro. O IF Sudeste MG\u00a0abre vagas para cursos t\u00e9cnicos, de gradua\u00e7\u00e3o e de p\u00f3s-gradua\u00e7\u00e3o nas unidades de Barbacena, Bom Sucesso, Juiz [&hellip;]<\/p>\n","protected":false},"author":96,"featured_media":121527,"comment_status":"closed","ping_status":"closed","sticky":false,"template":"","format":"standard","meta":{"footnotes":""},"categories":[253,252,439],"tags":[],"class_list":["post-121516","post","type-post","status-publish","format-standard","has-post-thumbnail","hentry","category-cidade","category-regiao","category-ultima-hora"],"_links":{"self":[{"href":"https:\/\/diarioregionaldigital.com.br\/index.php?rest_route=\/wp\/v2\/posts\/121516","targetHints":{"allow":["GET"]}}],"collection":[{"href":"https:\/\/diarioregionaldigital.com.br\/index.php?rest_route=\/wp\/v2\/posts"}],"about":[{"href":"https:\/\/diarioregionaldigital.com.br\/index.php?rest_route=\/wp\/v2\/types\/post"}],"author":[{"embeddable":true,"href":"https:\/\/diarioregionaldigital.com.br\/index.php?rest_route=\/wp\/v2\/users\/96"}],"replies":[{"embeddable":true,"href":"https:\/\/diarioregionaldigital.com.br\/index.php?rest_route=%2Fwp%2Fv2%2Fcomments&post=121516"}],"version-history":[{"count":0,"href":"https:\/\/diarioregionaldigital.com.br\/index.php?rest_route=\/wp\/v2\/posts\/121516\/revisions"}],"wp:featuredmedia":[{"embeddable":true,"href":"https:\/\/diarioregionaldigital.com.br\/index.php?rest_route=\/wp\/v2\/media\/121527"}],"wp:attachment":[{"href":"https:\/\/diarioregionaldigital.com.br\/index.php?rest_route=%2Fwp%2Fv2%2Fmedia&parent=121516"}],"wp:term":[{"taxonomy":"category","embeddable":true,"href":"https:\/\/diarioregionaldigital.com.br\/index.php?rest_route=%2Fwp%2Fv2%2Fcategories&post=121516"},{"taxonomy":"post_tag","embeddable":true,"href":"https:\/\/diarioregionaldigital.com.br\/index.php?rest_route=%2Fwp%2Fv2%2Ftags&post=121516"}],"curies":[{"name":"wp","href":"https:\/\/api.w.org\/{rel}","templated":true}]}}