{"id":121506,"date":"2018-10-03T16:16:38","date_gmt":"2018-10-03T19:16:38","guid":{"rendered":"https:\/\/diarioregionaldigital.com.br\/?p=121506"},"modified":"2018-10-03T16:16:38","modified_gmt":"2018-10-03T19:16:38","slug":"camara-realiza-dinamica-com-secretarios-da-pjf-nas-atividades-da-semana-do-idoso","status":"publish","type":"post","link":"https:\/\/diarioregionaldigital.com.br\/?p=121506","title":{"rendered":"C\u00e2mara realiza din\u00e2mica com secret\u00e1rios da PJF nas atividades da semana do Idoso"},"content":{"rendered":"<div>Dando sequ\u00eancia \u00e0s atividades da Semana em comemora\u00e7\u00e3o ao Dia Internacional da Pessoa Idosa, a Comiss\u00e3o Permanente de Defesa dos Direitos dos Idosos da C\u00e2mara promoveu nesta manh\u00e3 de quarta-feira, 3, no plen\u00e1rio da c\u00e2mara, uma din\u00e2mica com os secret\u00e1rios da Prefeitura de Juiz de Fora<\/div>\n<div><\/div>\n<div>A din\u00e2mica, conduzida pelos vereadores Ana Rossignoli (MDB), Kennedy Ribeiro (MDB), Vagner de Oliveira (PSC), membros da Comiss\u00e3o do Idoso, tinha o intuito de esclarecer d\u00favidas dos idosos em rela\u00e7\u00e3o ao papel desempenhado por cada secretaria municipal e o trabalho realizado focado\u00a0 nesta importante parte da popula\u00e7\u00e3o.<\/div>\n<div><\/div>\n<div>As perguntas foram formuladas por integrantes da C\u00e2mara S\u00eanior, idosos que participam ativamente do trabalho do legislativo, e repassadas para cada representante das secretarias municipais, que explicavam o funcionamento de cada pasta e expunham o trabalho desenvolvido para os idosos em cada setor.<\/div>\n<div><\/div>\n<div>Membro da Comiss\u00e3o dos idosos, o vereador Vagner de Oliveira (PSC) fez um balan\u00e7o desta atividade.&#8221;Pudemos fazer nesta manh\u00e3 um troca de id\u00e9ias entre as mais diversas secretarias e os idosos, ent\u00e3o foi poss\u00edvel ouvir do executivo os projetos, programas e a\u00e7\u00f5es que s\u00e3o desenvolvidas\u00a0 em prol da popula\u00e7\u00e3o idosa nas mais diversas \u00e1reas. Acredito que este tipo de trabalho vem pra somar, pois facilitou a comunica\u00e7\u00e3o e o contato com as secretarias, fazendo com que os idosos tenham mais acesso a quest\u00f5es que auxiliam na melhoria de qualidade de vida de cada um.&#8221;<\/div>\n<div><\/div>\n<div>As atividades desta semana especial para os idosos prosseguem nesta quinta e nesta sexta. Quinta acontecer\u00e1 um Show de Pr\u00eamios, no Sport Club, \u00e0s 14h e na sexta, fechando as atividades, ocorre o tradicional Baile dos Idosos , no C\u00edrculo Militar, \u00e0s 14h.<\/div>\n<div><\/div>\n<div>Fonte: C\u00e2mara JF<\/div>\n","protected":false},"excerpt":{"rendered":"<p>Dando sequ\u00eancia \u00e0s atividades da Semana em comemora\u00e7\u00e3o ao Dia Internacional da Pessoa Idosa, a Comiss\u00e3o Permanente de Defesa dos Direitos dos Idosos da C\u00e2mara promoveu nesta manh\u00e3 de quarta-feira, 3, no plen\u00e1rio da c\u00e2mara, uma din\u00e2mica com os secret\u00e1rios da Prefeitura de Juiz de Fora A din\u00e2mica, conduzida pelos vereadores Ana Rossignoli (MDB), Kennedy [&hellip;]<\/p>\n","protected":false},"author":96,"featured_media":121507,"comment_status":"closed","ping_status":"closed","sticky":false,"template":"","format":"standard","meta":{"footnotes":""},"categories":[253,439],"tags":[],"class_list":["post-121506","post","type-post","status-publish","format-standard","has-post-thumbnail","hentry","category-cidade","category-ultima-hora"],"_links":{"self":[{"href":"https:\/\/diarioregionaldigital.com.br\/index.php?rest_route=\/wp\/v2\/posts\/121506","targetHints":{"allow":["GET"]}}],"collection":[{"href":"https:\/\/diarioregionaldigital.com.br\/index.php?rest_route=\/wp\/v2\/posts"}],"about":[{"href":"https:\/\/diarioregionaldigital.com.br\/index.php?rest_route=\/wp\/v2\/types\/post"}],"author":[{"embeddable":true,"href":"https:\/\/diarioregionaldigital.com.br\/index.php?rest_route=\/wp\/v2\/users\/96"}],"replies":[{"embeddable":true,"href":"https:\/\/diarioregionaldigital.com.br\/index.php?rest_route=%2Fwp%2Fv2%2Fcomments&post=121506"}],"version-history":[{"count":0,"href":"https:\/\/diarioregionaldigital.com.br\/index.php?rest_route=\/wp\/v2\/posts\/121506\/revisions"}],"wp:featuredmedia":[{"embeddable":true,"href":"https:\/\/diarioregionaldigital.com.br\/index.php?rest_route=\/wp\/v2\/media\/121507"}],"wp:attachment":[{"href":"https:\/\/diarioregionaldigital.com.br\/index.php?rest_route=%2Fwp%2Fv2%2Fmedia&parent=121506"}],"wp:term":[{"taxonomy":"category","embeddable":true,"href":"https:\/\/diarioregionaldigital.com.br\/index.php?rest_route=%2Fwp%2Fv2%2Fcategories&post=121506"},{"taxonomy":"post_tag","embeddable":true,"href":"https:\/\/diarioregionaldigital.com.br\/index.php?rest_route=%2Fwp%2Fv2%2Ftags&post=121506"}],"curies":[{"name":"wp","href":"https:\/\/api.w.org\/{rel}","templated":true}]}}