{"id":121501,"date":"2018-10-03T14:49:30","date_gmt":"2018-10-03T17:49:30","guid":{"rendered":"https:\/\/diarioregionaldigital.com.br\/?p=121501"},"modified":"2018-10-04T14:39:40","modified_gmt":"2018-10-04T17:39:40","slug":"prefeitura-atua-em-dez-situacoes-relacionadas-a-descarte-clandestino-de-residuos-da-construcao-civil","status":"publish","type":"post","link":"https:\/\/diarioregionaldigital.com.br\/?p=121501","title":{"rendered":"SAU flagra descarte clandestino de res\u00edduos da constru\u00e7\u00e3o civil"},"content":{"rendered":"<p>A Secretaria de Atividades Urbanas (SAU) da Prefeitura de Juiz de Fora (PJF), atrav\u00e9s do Departamento de Fiscaliza\u00e7\u00e3o, flagrou, nesta semana, mais um descarte irregular de lixo na via p\u00fablica. A a\u00e7\u00e3o aconteceu no prolongamento da Rua Martins Barbosa, pr\u00f3ximo a Tr\u00eas Pontes, no Bairro Benfica. O respons\u00e1vel foi autuado e recebeu multa de R$4.512,85, considerada grav\u00edssima. As rondas de fiscaliza\u00e7\u00e3o dos bota-foras irregulares s\u00e3o realizadas em diversos hor\u00e1rios, inclusive nos s\u00e1bados, domingos e feriados.<\/p>\n<p>Al\u00e9m dessa autua\u00e7\u00e3o, a equipe tamb\u00e9m flagrou e autuou o descarte irregular de res\u00edduos da constru\u00e7\u00e3o civil no prolongamento da Alameda Santo Ant\u00f4nio, pr\u00f3ximo ao trevo da BR-040, no Alphaville; na Rua Fernando Lauro, nas Mans\u00f5es Bom Pastor por quatro vezes; na Rua Francisco Fayer Sobrinho, no Santos Dumont, pr\u00f3ximo ao Est\u00e1dio Municipal; na Rua Ibitiguaia, no Teixeiras por duas vezes; e tamb\u00e9m flagrou um caminh\u00e3o sem prote\u00e7\u00e3o para as ca\u00e7ambas de detritos trafegando na Avenida Brasil, no Po\u00e7o Rico. Os autos de infra\u00e7\u00e3o emitidos foram encaminhados para a Promotoria de Justi\u00e7a de Defesa do Meio Ambiente do Minist\u00e9rio P\u00fablico de Juiz de Fora, para outras provid\u00eancias cab\u00edveis.<\/p>\n<p>O resultado \u00e9 fruto do trabalho dos fiscais de posturas, em parceria com servidores do Departamento Municipal de Limpeza (Demlurb), que mapearam a cidade e identificaram os principais pontos cr\u00edticos de descarte clandestino de lixo.<\/p>\n<p>A equipe do Departamento de Fiscaliza\u00e7\u00e3o est\u00e1 realizando, tamb\u00e9m, o levantamento das firmas de ca\u00e7ambas, das \u00e1reas de transbordo e de transporte permitidas, bem como a destina\u00e7\u00e3o final destes res\u00edduos. Na \u00faltima semana, servidores do departamento realizaram uma reuni\u00e3o com a Pol\u00edcia Militar e de Meio Ambiente (PMMA), visando a estreitar a parceria e o apoio j\u00e1 existentes e promover outras a\u00e7\u00f5es em conjunto.<\/p>\n<p>O C\u00f3digo de Posturas do Munic\u00edpio pro\u00edbe qualquer a\u00e7\u00e3o que provoque sujeira ou preju\u00edzo \u00e0 qualidade dos espa\u00e7os p\u00fablicos e prev\u00ea puni\u00e7\u00f5es para essas infra\u00e7\u00f5es. Caso os respons\u00e1veis por descarte irregular sejam flagrados pela fiscaliza\u00e7\u00e3o, ser\u00e3o autuados. As den\u00fancias podem ser feitas nas regionais de fiscaliza\u00e7\u00e3o da Secretaria de Atividades Urbanas (SAU), pelos telefones:<\/p>\n<p>Centro 1: 3690-7709<br \/>\nCentro 2: 3690-8379<br \/>\nSul: 3690-8304<br \/>\nSudeste: 3690-8377<br \/>\nLeste: 2104-8402<br \/>\nOeste: 3690-8288<br \/>\nNorte: 3690-7927<\/p>\n<p><b>Ecopontos<\/b><\/p>\n<p>A Prefeitura de Juiz de Fora (PJF) instalou dois ecopontos no munic\u00edpio, que recebem gratuitamente restos da constru\u00e7\u00e3o civil, material recicl\u00e1vel, m\u00f3veis e eletrodom\u00e9sticos. Cada cidad\u00e3o pode entregar diariamente at\u00e9 um metro c\u00fabico de restos da constru\u00e7\u00e3o civil, o que equivale a dez embalagens de cem litros. O objetivo \u00e9 evitar que as pessoas descartem entulho irregularmente nas vias da cidade.<\/p>\n<p>Os ecopontos funcionam de segunda a sexta-feira, das 8 \u00e0s 17 horas, e aos s\u00e1bados, das 8 \u00e0s 12 horas. Um na Rua Diva Garcia, em frente ao n\u00famero 1.200, no Bairro Linhares, e outro em frente ao estacionamento do Est\u00e1dio Municipal, em S\u00e3o Pedro. Outras informa\u00e7\u00f5es sobre os Ecopontos pelo telefone 3690-3500.<\/p>\n<p>&nbsp;<\/p>\n<p>Fonte: Assessoria PJF<\/p>\n","protected":false},"excerpt":{"rendered":"<p>A Secretaria de Atividades Urbanas (SAU) da Prefeitura de Juiz de Fora (PJF), atrav\u00e9s do Departamento de Fiscaliza\u00e7\u00e3o, flagrou, nesta semana, mais um descarte irregular de lixo na via p\u00fablica. A a\u00e7\u00e3o aconteceu no prolongamento da Rua Martins Barbosa, pr\u00f3ximo a Tr\u00eas Pontes, no Bairro Benfica. O respons\u00e1vel foi autuado e recebeu multa de R$4.512,85, [&hellip;]<\/p>\n","protected":false},"author":96,"featured_media":121502,"comment_status":"closed","ping_status":"closed","sticky":false,"template":"","format":"standard","meta":{"footnotes":""},"categories":[253,436,440,439],"tags":[],"class_list":["post-121501","post","type-post","status-publish","format-standard","has-post-thumbnail","hentry","category-cidade","category-destaque-da-semana","category-destaques-do-dia","category-ultima-hora"],"_links":{"self":[{"href":"https:\/\/diarioregionaldigital.com.br\/index.php?rest_route=\/wp\/v2\/posts\/121501","targetHints":{"allow":["GET"]}}],"collection":[{"href":"https:\/\/diarioregionaldigital.com.br\/index.php?rest_route=\/wp\/v2\/posts"}],"about":[{"href":"https:\/\/diarioregionaldigital.com.br\/index.php?rest_route=\/wp\/v2\/types\/post"}],"author":[{"embeddable":true,"href":"https:\/\/diarioregionaldigital.com.br\/index.php?rest_route=\/wp\/v2\/users\/96"}],"replies":[{"embeddable":true,"href":"https:\/\/diarioregionaldigital.com.br\/index.php?rest_route=%2Fwp%2Fv2%2Fcomments&post=121501"}],"version-history":[{"count":0,"href":"https:\/\/diarioregionaldigital.com.br\/index.php?rest_route=\/wp\/v2\/posts\/121501\/revisions"}],"wp:featuredmedia":[{"embeddable":true,"href":"https:\/\/diarioregionaldigital.com.br\/index.php?rest_route=\/wp\/v2\/media\/121502"}],"wp:attachment":[{"href":"https:\/\/diarioregionaldigital.com.br\/index.php?rest_route=%2Fwp%2Fv2%2Fmedia&parent=121501"}],"wp:term":[{"taxonomy":"category","embeddable":true,"href":"https:\/\/diarioregionaldigital.com.br\/index.php?rest_route=%2Fwp%2Fv2%2Fcategories&post=121501"},{"taxonomy":"post_tag","embeddable":true,"href":"https:\/\/diarioregionaldigital.com.br\/index.php?rest_route=%2Fwp%2Fv2%2Ftags&post=121501"}],"curies":[{"name":"wp","href":"https:\/\/api.w.org\/{rel}","templated":true}]}}