{"id":121493,"date":"2018-10-03T12:57:19","date_gmt":"2018-10-03T15:57:19","guid":{"rendered":"https:\/\/diarioregionaldigital.com.br\/?p=121493"},"modified":"2018-10-03T13:11:49","modified_gmt":"2018-10-03T16:11:49","slug":"cataguases-pode-ter-vaga-em-projeto-da-unesco","status":"publish","type":"post","link":"https:\/\/diarioregionaldigital.com.br\/?p=121493","title":{"rendered":"Cataguases pode ter vaga em projeto da Unesco"},"content":{"rendered":"<p>O Minist\u00e9rio da Cultura divulgou dia 1\u00ba de outubro, o resultado preliminar do chamamento p\u00fablico que vai selecionar munic\u00edpios brasileiros interessados em se candidatar a integrar a Rede de Cidades Criativas da Organiza\u00e7\u00e3o das Na\u00e7\u00f5es Unidas para a Educa\u00e7\u00e3o, a Ci\u00eancia e a Cultura \u2013 Unesco Creative Cities Network (UCCN), na sigla em ingl\u00eas. O edital tem o objetivo de selecionar cidades brasileiras que ir\u00e3o receber consultoria para elaborar dossi\u00ea de candidatura \u00e0 Rede de Cidades Criativas da Unesco.<\/p>\n<p>Nessa fase, Cataguases foi selecionada com a segunda maior pontua\u00e7\u00e3o (81,25), atr\u00e1s apenas de Diamantina-MG (86,08) e se juntou a outras 16 escolhidas preliminarmente. Todos os munic\u00edpios aprovados ganhar\u00e3o o apoio de consultoria especializada oferecida pelo Governo Federal, por meio do Minist\u00e9rio da Cultura (MinC), na elabora\u00e7\u00e3o do dossi\u00ea de candidatura. Ainda cabe recurso do resultado preliminar da avalia\u00e7\u00e3o das candidaturas, que poder\u00e1 ser feito at\u00e9 o pr\u00f3ximo dia 6 de outubro.<\/p>\n<p>O Secret\u00e1rio Municipal de Cultura e Turismo de Cataguases, Fausto Menta, comemorou o resultado e disse que o feito vai beneficiar toda a cadeia produtiva da cidade, principalmente a do cinema, campo criativo que Cataguases escolheu participar. &#8220;Demos um grande passo ao conquistarmos essa classifica\u00e7\u00e3o na segunda posi\u00e7\u00e3o geral. A primeira colocada, Diamantina, n\u00e3o est\u00e1 na nossa \u00e1rea. \u00c9 um resultado important\u00edssimo para o nosso munic\u00edpio, pois desenvolve as pol\u00edticas culturais, a economia criativa e, ao mesmo tempo, \u00e9 um reconhecimento, pois s\u00e3o poucas cidades que t\u00eam esse apoio. J\u00e1 demos o primeiro passo e s\u00f3 temos a comemorar o apoio do MinC. Ser reconhecido pela Unesco \u00e9 algo que vai deixar um legado para a nossa cidade. Agora \u00e9 trabalho!&#8221;, disse.<\/p>\n<p>Fausto completa agradecendo a todos que est\u00e3o atuando no projeto. &#8220;Ressalto a importante parceria entre a Prefeitura, a F\u00e1brica do Futuro, a Funda\u00e7\u00e3o Ormeo Junqueira Botelho, o Instituto Cidade de Cataguases e o Polo do Audiovisual da Zona da Mata, mantido pela Energisa, respons\u00e1vel pelo \u00eaxito deste projeto. Agrade\u00e7o tamb\u00e9m pela contribui\u00e7\u00e3o irrestrita do C\u00e9sar Piva, da M\u00f4nica Botelho e do Marquinhos Pimentel. De parcerias de sucesso assim que precisamos para democratiza\u00e7\u00e3o do acesso, fortalecimento da economia criativa e das pol\u00edticas p\u00fablicas de cultura&#8221;, finalizou.<\/p>\n<p>A consultoria para os munic\u00edpios selecionados ser\u00e1 prestada ainda este ano. Depois disso, em 2019, a Unesco abrir\u00e1 inscri\u00e7\u00f5es para a inclus\u00e3o de novos munic\u00edpios na Rede Cidades Criativas. As oito cidades brasileiras que j\u00e1 comp\u00f5em a Rede s\u00e3o: Bel\u00e9m (em Gastronomia); Bras\u00edlia (Design); Curitiba (Design); Florian\u00f3polis (Gastronomia); Jo\u00e3o Pessoa (Artesanato); Paraty (Gastronomia); Salvador (M\u00fasica) e Santos (Cinema). Atualmente, a Rede Cidades Criativas da Unesco re\u00fane 180 cidades de 72 pa\u00edses.<\/p>\n<p>O programa da Unesco tem o objetivo de promover a coopera\u00e7\u00e3o internacional entre cidades que investem na cultura e na criatividade como fatores de est\u00edmulo ao desenvolvimento sustent\u00e1vel. Para integrar a rede, a cidade deve preparar um plano de desenvolvimento no campo criativo em que a cidade se candidatou. O processo de sele\u00e7\u00e3o \u00e9 feito por dois comit\u00eas: um t\u00e9cnico, com representa\u00e7\u00e3o em cada categoria, designado pela Unesco e um comit\u00ea de representantes das cidades j\u00e1 integrantes da Rede, em cada categoria. A candidatura deve demonstrar, de forma clara e pr\u00e1tica, a disposi\u00e7\u00e3o, o compromisso e a capacidade da localidade em contribuir com os compromissos da rede.<\/p>\n<p>Para concorrer, as cidades devem ter reconhecida produ\u00e7\u00e3o em algum dos sete segmentos de cultura que a rede estimula: artesanato e artes folcl\u00f3ricas; artes midi\u00e1ticas (integra\u00e7\u00e3o entre diferentes linguagens art\u00edsticas e novas tecnologias); design; cinema; gastronomia; literatura e m\u00fasica.<\/p>\n<p>Fonte: Marcelo Lopes<\/p>\n","protected":false},"excerpt":{"rendered":"<p>O Minist\u00e9rio da Cultura divulgou dia 1\u00ba de outubro, o resultado preliminar do chamamento p\u00fablico que vai selecionar munic\u00edpios brasileiros interessados em se candidatar a integrar a Rede de Cidades Criativas da Organiza\u00e7\u00e3o das Na\u00e7\u00f5es Unidas para a Educa\u00e7\u00e3o, a Ci\u00eancia e a Cultura \u2013 Unesco Creative Cities Network (UCCN), na sigla em ingl\u00eas. O [&hellip;]<\/p>\n","protected":false},"author":96,"featured_media":121494,"comment_status":"closed","ping_status":"closed","sticky":false,"template":"","format":"standard","meta":{"footnotes":""},"categories":[252,439],"tags":[],"class_list":["post-121493","post","type-post","status-publish","format-standard","has-post-thumbnail","hentry","category-regiao","category-ultima-hora"],"_links":{"self":[{"href":"https:\/\/diarioregionaldigital.com.br\/index.php?rest_route=\/wp\/v2\/posts\/121493","targetHints":{"allow":["GET"]}}],"collection":[{"href":"https:\/\/diarioregionaldigital.com.br\/index.php?rest_route=\/wp\/v2\/posts"}],"about":[{"href":"https:\/\/diarioregionaldigital.com.br\/index.php?rest_route=\/wp\/v2\/types\/post"}],"author":[{"embeddable":true,"href":"https:\/\/diarioregionaldigital.com.br\/index.php?rest_route=\/wp\/v2\/users\/96"}],"replies":[{"embeddable":true,"href":"https:\/\/diarioregionaldigital.com.br\/index.php?rest_route=%2Fwp%2Fv2%2Fcomments&post=121493"}],"version-history":[{"count":0,"href":"https:\/\/diarioregionaldigital.com.br\/index.php?rest_route=\/wp\/v2\/posts\/121493\/revisions"}],"wp:featuredmedia":[{"embeddable":true,"href":"https:\/\/diarioregionaldigital.com.br\/index.php?rest_route=\/wp\/v2\/media\/121494"}],"wp:attachment":[{"href":"https:\/\/diarioregionaldigital.com.br\/index.php?rest_route=%2Fwp%2Fv2%2Fmedia&parent=121493"}],"wp:term":[{"taxonomy":"category","embeddable":true,"href":"https:\/\/diarioregionaldigital.com.br\/index.php?rest_route=%2Fwp%2Fv2%2Fcategories&post=121493"},{"taxonomy":"post_tag","embeddable":true,"href":"https:\/\/diarioregionaldigital.com.br\/index.php?rest_route=%2Fwp%2Fv2%2Ftags&post=121493"}],"curies":[{"name":"wp","href":"https:\/\/api.w.org\/{rel}","templated":true}]}}