{"id":121477,"date":"2018-10-03T11:58:07","date_gmt":"2018-10-03T14:58:07","guid":{"rendered":"https:\/\/diarioregionaldigital.com.br\/?p=121477"},"modified":"2018-10-03T11:58:07","modified_gmt":"2018-10-03T14:58:07","slug":"fluminense-minimiza-vantagem-contra-o-cuenca-na-sul-americana","status":"publish","type":"post","link":"https:\/\/diarioregionaldigital.com.br\/?p=121477","title":{"rendered":"Fluminense minimiza vantagem contra o Cuenca na Sul-Americana"},"content":{"rendered":"<p>O Fluminense virou a chave do Campeonato Brasileiro e o foco agora \u00e9 a Copa Sul-Americana. Na quinta-feira tem o jogo de volta das oitavas de final do torneio continental, \u00e0s 19h30(de Bras\u00edlia), contra o Deportivo Cuenca no Maracan\u00e3, no Rio de Janeiro (RJ). O Tricolor ganhou na ida, no Equador, por 2 a 0 e agora pode at\u00e9 mesmo perder por um gol de diferen\u00e7a que vai se classificar. Esta vantagem, por\u00e9m, foi minimizada pelos brasileiros.<\/p>\n<p>Na vis\u00e3o do t\u00e9cnico Marcelo Oliveira, o Fluminense n\u00e3o pode acreditar que a classifica\u00e7\u00e3o est\u00e1 assegurada. \u201cN\u00f3s sabemos que conseguimos um bom resultado na ida, mas ainda tem muita coisa para acontecer e por isso mesmo precisamos estar atentos durante os noventa minutos para n\u00e3o nos complicarmos. O bom resultado no primeiuro jogo d\u00e1 sim uma tranquilidade, mas apenas para que o nosso jogo possa fluir. A classifica\u00e7\u00e3o ainda n\u00e3o est\u00e1 assegurada e tem,os que brigar muito por ela\u201d, disse o comandante.<\/p>\n<p>O volante Dodi espera contar com o apoio dos torcedores. \u201cA vantagem no jogo de ida \u00e9 muito boa e disso n\u00f3s n\u00e3o temos a menor d\u00favida. Por\u00e9m, ainda n\u00e3o tem nada ganho e vamos precisar nos esfor\u00e7ar muito para confirmarmos a vaga para as quartas de final. A Copa Sul-Americana n\u00e3o apresenta jogos tranquilos\u201d.<\/p>\n<p>A nossa expectativa \u00e9 ver o Maracan\u00e3 lotado, pois todo jogador gosta de atuar nestas condi\u00e7\u00f5es e sabemos que a torcida do Fluminense pode ter um peso muito importante quando apoia o time. O jogo n\u00e3o vai ser tranquilo, mas seremos mais fortes com o torcedor ao nosso lado apoiando ao longo dos noventa minutos\u201d, analisou Dodi em entrevista \u00e0 \u201cR\u00e1dio Brasil\u201d do Rio de Janeiro.<\/p>\n<p>O elenco do Fluminense faz o \u00faltimo treino nesta quarta-feira \u00e0 tarde, quando Marcelo Oliveira vai definir a escala\u00e7\u00e3o que vai duelar com os equatorianos. Em seguida, come\u00e7a o per\u00edodo de concentra\u00e7\u00e3o para a partida.<\/p>\n<p>Fora de campo o clube est\u00e1 muito perto de acertar a negocia\u00e7\u00e3o do atacante Jo\u00e3o Pedro, considerado um dos principais jogadores do time sub-17, para o Watford da Inglaterra. A Federa\u00e7\u00e3o Inglesa (FA) aceitou o modelo de neg\u00f3cio proposto pelos clubes e o atleta vem realizando exames m\u00e9dicos.<\/p>\n<p>&nbsp;<\/p>\n","protected":false},"excerpt":{"rendered":"<p>O Fluminense virou a chave do Campeonato Brasileiro e o foco agora \u00e9 a Copa Sul-Americana. Na quinta-feira tem o jogo de volta das oitavas de final do torneio continental, \u00e0s 19h30(de Bras\u00edlia), contra o Deportivo Cuenca no Maracan\u00e3, no Rio de Janeiro (RJ). O Tricolor ganhou na ida, no Equador, por 2 a 0 [&hellip;]<\/p>\n","protected":false},"author":96,"featured_media":121478,"comment_status":"closed","ping_status":"closed","sticky":false,"template":"","format":"standard","meta":{"footnotes":""},"categories":[257,439],"tags":[],"class_list":["post-121477","post","type-post","status-publish","format-standard","has-post-thumbnail","hentry","category-esporte","category-ultima-hora"],"_links":{"self":[{"href":"https:\/\/diarioregionaldigital.com.br\/index.php?rest_route=\/wp\/v2\/posts\/121477","targetHints":{"allow":["GET"]}}],"collection":[{"href":"https:\/\/diarioregionaldigital.com.br\/index.php?rest_route=\/wp\/v2\/posts"}],"about":[{"href":"https:\/\/diarioregionaldigital.com.br\/index.php?rest_route=\/wp\/v2\/types\/post"}],"author":[{"embeddable":true,"href":"https:\/\/diarioregionaldigital.com.br\/index.php?rest_route=\/wp\/v2\/users\/96"}],"replies":[{"embeddable":true,"href":"https:\/\/diarioregionaldigital.com.br\/index.php?rest_route=%2Fwp%2Fv2%2Fcomments&post=121477"}],"version-history":[{"count":0,"href":"https:\/\/diarioregionaldigital.com.br\/index.php?rest_route=\/wp\/v2\/posts\/121477\/revisions"}],"wp:featuredmedia":[{"embeddable":true,"href":"https:\/\/diarioregionaldigital.com.br\/index.php?rest_route=\/wp\/v2\/media\/121478"}],"wp:attachment":[{"href":"https:\/\/diarioregionaldigital.com.br\/index.php?rest_route=%2Fwp%2Fv2%2Fmedia&parent=121477"}],"wp:term":[{"taxonomy":"category","embeddable":true,"href":"https:\/\/diarioregionaldigital.com.br\/index.php?rest_route=%2Fwp%2Fv2%2Fcategories&post=121477"},{"taxonomy":"post_tag","embeddable":true,"href":"https:\/\/diarioregionaldigital.com.br\/index.php?rest_route=%2Fwp%2Fv2%2Ftags&post=121477"}],"curies":[{"name":"wp","href":"https:\/\/api.w.org\/{rel}","templated":true}]}}