{"id":121474,"date":"2018-10-03T11:49:43","date_gmt":"2018-10-03T14:49:43","guid":{"rendered":"https:\/\/diarioregionaldigital.com.br\/?p=121474"},"modified":"2018-10-03T11:49:43","modified_gmt":"2018-10-03T14:49:43","slug":"daronco-apita-jogo-de-ida-da-final-entre-corinthians-e-cruzeiro","status":"publish","type":"post","link":"https:\/\/diarioregionaldigital.com.br\/?p=121474","title":{"rendered":"Daronco apita jogo de ida da final entre Corinthians e Cruzeiro"},"content":{"rendered":"<p>Foi definido nesta ter\u00e7a-feira o \u00e1rbitro do primeiro jogo da final da Copa do Brasil \u00a0\u00a0entre\u00a0Corinthians e Cruzeiro: Anderson Daronco foi o sorteado pela CBF para estar em campo no pr\u00f3ximo dia 10 de outubro, em Belo Horizonte, Minas Gerais.<\/p>\n<p>No sorteio, Daronco, de 37 anos, desbancou o piauiense\u00a0Wilton Sampaio. O \u00faltimo confronto apitado por ele na competi\u00e7\u00e3o foi entre Bahia e Palmeiras, na Fonte Nova, pelas quartas de final e contou com pol\u00eamica. Na ocasi\u00e3o, o juiz havia expulsado Gregore injustamente, ap\u00f3s penalidade cometida pelo volante. Depois de seis minutos de paralisa\u00e7\u00e3o e consulta ao VAR, comandado por Leandro Vuaden, Daronco voltou atr\u00e1s e anulou a expuls\u00e3o, dando apenas cart\u00e3o amarelo.<\/p>\n<p>O primeiro jogo do Corinthians que Daronco apitou foi no Brasileir\u00e3o de 2012, contra o Atl\u00e9tico-GO. Desde ent\u00e3o,\u00a018 partidas do Alvinegro foram apitadas pelo ga\u00facho, sendo a \u00faltima delas em junho deste ano, na partida contra o Flamengo, v\u00e1lida pelo Campeonato Nacional.<\/p>\n<p>Do outro lado, Daronco apitou pela primeira vez um jogo da Raposa tamb\u00e9m em 2012, no empate com o Flamengo. De l\u00e1 para c\u00e1, o \u00e1rbitro esteve presente em 11 duelos do Cruzeiro, o \u00faltimo deles em maio deste ano, no confronto contra o Vasco na fase de grupos da Libertadores.<\/p>\n<p>O segundo e decisivo jogo da final da Copa do Brasil est\u00e1 marcado para o dia 17 de outubro, na Arena Corinthians, em S\u00e3o Paulo. E o \u00e1rbitro do duelo ainda n\u00e3o foi definido.<\/p>\n<p>Fonte: Gazeta Press<\/p>\n","protected":false},"excerpt":{"rendered":"<p>Foi definido nesta ter\u00e7a-feira o \u00e1rbitro do primeiro jogo da final da Copa do Brasil \u00a0\u00a0entre\u00a0Corinthians e Cruzeiro: Anderson Daronco foi o sorteado pela CBF para estar em campo no pr\u00f3ximo dia 10 de outubro, em Belo Horizonte, Minas Gerais. No sorteio, Daronco, de 37 anos, desbancou o piauiense\u00a0Wilton Sampaio. O \u00faltimo confronto apitado por [&hellip;]<\/p>\n","protected":false},"author":96,"featured_media":121475,"comment_status":"closed","ping_status":"closed","sticky":false,"template":"","format":"standard","meta":{"footnotes":""},"categories":[257,439],"tags":[],"class_list":["post-121474","post","type-post","status-publish","format-standard","has-post-thumbnail","hentry","category-esporte","category-ultima-hora"],"_links":{"self":[{"href":"https:\/\/diarioregionaldigital.com.br\/index.php?rest_route=\/wp\/v2\/posts\/121474","targetHints":{"allow":["GET"]}}],"collection":[{"href":"https:\/\/diarioregionaldigital.com.br\/index.php?rest_route=\/wp\/v2\/posts"}],"about":[{"href":"https:\/\/diarioregionaldigital.com.br\/index.php?rest_route=\/wp\/v2\/types\/post"}],"author":[{"embeddable":true,"href":"https:\/\/diarioregionaldigital.com.br\/index.php?rest_route=\/wp\/v2\/users\/96"}],"replies":[{"embeddable":true,"href":"https:\/\/diarioregionaldigital.com.br\/index.php?rest_route=%2Fwp%2Fv2%2Fcomments&post=121474"}],"version-history":[{"count":0,"href":"https:\/\/diarioregionaldigital.com.br\/index.php?rest_route=\/wp\/v2\/posts\/121474\/revisions"}],"wp:featuredmedia":[{"embeddable":true,"href":"https:\/\/diarioregionaldigital.com.br\/index.php?rest_route=\/wp\/v2\/media\/121475"}],"wp:attachment":[{"href":"https:\/\/diarioregionaldigital.com.br\/index.php?rest_route=%2Fwp%2Fv2%2Fmedia&parent=121474"}],"wp:term":[{"taxonomy":"category","embeddable":true,"href":"https:\/\/diarioregionaldigital.com.br\/index.php?rest_route=%2Fwp%2Fv2%2Fcategories&post=121474"},{"taxonomy":"post_tag","embeddable":true,"href":"https:\/\/diarioregionaldigital.com.br\/index.php?rest_route=%2Fwp%2Fv2%2Ftags&post=121474"}],"curies":[{"name":"wp","href":"https:\/\/api.w.org\/{rel}","templated":true}]}}