{"id":121196,"date":"2018-09-29T16:54:07","date_gmt":"2018-09-29T19:54:07","guid":{"rendered":"https:\/\/diarioregionaldigital.com.br\/?p=121196"},"modified":"2018-09-29T16:54:07","modified_gmt":"2018-09-29T19:54:07","slug":"apos-avc-quadro-de-saude-de-ziraldo-permanece-inalterado","status":"publish","type":"post","link":"https:\/\/diarioregionaldigital.com.br\/?p=121196","title":{"rendered":"Ap\u00f3s AVC, quadro de sa\u00fade de Ziraldo permanece inalterado"},"content":{"rendered":"<p>O quadro de sa\u00fade do cartunista e escritor Ziraldo, 85 anos, permanece inalterado, ap\u00f3s sofrer um acidente vascular cerebral (AVC) hemorr\u00e1gico na \u00faltima quarta-feira (26), no Rio de Janeiro.<\/p>\n<p>De acordo com o boletim divulgado hoje (29) pela equipe m\u00e9dica do Hospital Pr\u00f3-Card\u00edaco, em Botafogo, \u201co paciente permanece internado no Centro de Terapia Intensiva (CTI) e seu estado de sa\u00fade segue est\u00e1vel\u201d.<\/p>\n<p><span style=\"font-family: 'Work Sans'; font-size: 35px; color: #333333;\">Humor<\/span><\/p>\n<p>Ziraldo \u00e9 uma pessoa de bem com a vida, segundo relato dos seus amigos. Seu permanente bom humor, os cabelos brancos e sua cole\u00e7\u00e3o de coletes s\u00e3o a marca registrada do cartunista e escritor.<\/p>\n<p>Ziraldo foi um dos fundadores do extinto jornal O Pasquim. Ao lado de Millor Fernandes, Jaguar e Tarso de Castro, entre outros, o tabloide semanal foi uma refer\u00eancia na luta pela democracia nos anos 1970.<\/p>\n<p>Em 2013, Ziraldo ficou internado por dois dias para fazer um cateterismo, em Frankfurt, na Alemanha. Ele passou mal enquanto participava da Feira Internacional do Livro.<\/p>\n<p><em>Fonte: Ag\u00eancia Brasil<\/em><\/p>\n","protected":false},"excerpt":{"rendered":"<p>O quadro de sa\u00fade do cartunista e escritor Ziraldo, 85 anos, permanece inalterado, ap\u00f3s sofrer um acidente vascular cerebral (AVC) hemorr\u00e1gico na \u00faltima quarta-feira (26), no Rio de Janeiro. De acordo com o boletim divulgado hoje (29) pela equipe m\u00e9dica do Hospital Pr\u00f3-Card\u00edaco, em Botafogo, \u201co paciente permanece internado no Centro de Terapia Intensiva (CTI) [&hellip;]<\/p>\n","protected":false},"author":96,"featured_media":0,"comment_status":"closed","ping_status":"closed","sticky":false,"template":"","format":"standard","meta":{"footnotes":""},"categories":[302,439],"tags":[],"class_list":["post-121196","post","type-post","status-publish","format-standard","hentry","category-brasil-mundo","category-ultima-hora"],"_links":{"self":[{"href":"https:\/\/diarioregionaldigital.com.br\/index.php?rest_route=\/wp\/v2\/posts\/121196","targetHints":{"allow":["GET"]}}],"collection":[{"href":"https:\/\/diarioregionaldigital.com.br\/index.php?rest_route=\/wp\/v2\/posts"}],"about":[{"href":"https:\/\/diarioregionaldigital.com.br\/index.php?rest_route=\/wp\/v2\/types\/post"}],"author":[{"embeddable":true,"href":"https:\/\/diarioregionaldigital.com.br\/index.php?rest_route=\/wp\/v2\/users\/96"}],"replies":[{"embeddable":true,"href":"https:\/\/diarioregionaldigital.com.br\/index.php?rest_route=%2Fwp%2Fv2%2Fcomments&post=121196"}],"version-history":[{"count":0,"href":"https:\/\/diarioregionaldigital.com.br\/index.php?rest_route=\/wp\/v2\/posts\/121196\/revisions"}],"wp:attachment":[{"href":"https:\/\/diarioregionaldigital.com.br\/index.php?rest_route=%2Fwp%2Fv2%2Fmedia&parent=121196"}],"wp:term":[{"taxonomy":"category","embeddable":true,"href":"https:\/\/diarioregionaldigital.com.br\/index.php?rest_route=%2Fwp%2Fv2%2Fcategories&post=121196"},{"taxonomy":"post_tag","embeddable":true,"href":"https:\/\/diarioregionaldigital.com.br\/index.php?rest_route=%2Fwp%2Fv2%2Ftags&post=121196"}],"curies":[{"name":"wp","href":"https:\/\/api.w.org\/{rel}","templated":true}]}}