{"id":121191,"date":"2018-09-29T16:45:06","date_gmt":"2018-09-29T19:45:06","guid":{"rendered":"https:\/\/diarioregionaldigital.com.br\/?p=121191"},"modified":"2018-09-29T16:48:20","modified_gmt":"2018-09-29T19:48:20","slug":"policia-civil-investiga-tentativa-de-sequestro-de-adolescente-de-12-anos-em-alem-paraiba","status":"publish","type":"post","link":"https:\/\/diarioregionaldigital.com.br\/?p=121191","title":{"rendered":"Pol\u00edcia Civil investiga tentativa de sequestro de adolescente de 12 anos em Al\u00e9m Para\u00edba"},"content":{"rendered":"<p>A Pol\u00edcia Civil est\u00e1 investigando uma tentativa de sequestro de um adolescente de 12 anos no munic\u00edpio de Al\u00e9m Para\u00edba.<\/p>\n<p>O fato ocorreu na tarde desta quinta-feira, 27, e conforme o registro da ocorr\u00eancia, o jovem caminhava pela\u00a0Rua Doutor Sobral Pinto, pr\u00f3ximo \u00e0 pra\u00e7a do Bairro Vila Laroca, quando foi abordado por duas mulheres em um autom\u00f3vel branco tipo sedan. Segundo a v\u00edtima, uma das mulheres, teria abaixado o vidro e pedido ao garoto para se aproximar que ela iria &#8220;lhe mostrar um nog\u00f3cio&#8221;. Ao se aproximar elas tentaram empurr\u00e1-lo para o banco de tr\u00e1s do ve\u00edculo. Ato cont\u00ednuo, o menino conseguiu fugir e se escondeu em uma concession\u00e1ria de onde ligou para sua m\u00e3e. As mulheres fugiram em dire\u00e7\u00e3o\u00a0ao Bairro Ilha do Lazareto.<\/p>\n<p>Policiais civis e militares realizaram dilig\u00eancias no intuito de localizar imagens de c\u00e2meras de seguran\u00e7a que possam identificar as suspeitas.<\/p>\n<p>O epis\u00f3dio causa preocupa\u00e7\u00e3o na cidade de aproximadamente 36 mil habitantes. Nas redes sociais circulam \u00e1udios alertando pais e respons\u00e1veis sobre o ocorrido, al\u00e9m de chamar a aten\u00e7\u00e3o de crian\u00e7as e adolescentes.<\/p>\n<p>Quem souber de informa\u00e7\u00f5es sobre o paradeiro das suspeitas pode fazer contato com a Pol\u00edcia Civil pelo telefone (32) 3462-6788 ou com a PM no n\u00famero (32) 3462-4833.<\/p>\n<p><em>Fonte: Midia Mineira<\/em><\/p>\n","protected":false},"excerpt":{"rendered":"<p>A Pol\u00edcia Civil est\u00e1 investigando uma tentativa de sequestro de um adolescente de 12 anos no munic\u00edpio de Al\u00e9m Para\u00edba. O fato ocorreu na tarde desta quinta-feira, 27, e conforme o registro da ocorr\u00eancia, o jovem caminhava pela\u00a0Rua Doutor Sobral Pinto, pr\u00f3ximo \u00e0 pra\u00e7a do Bairro Vila Laroca, quando foi abordado por duas mulheres em [&hellip;]<\/p>\n","protected":false},"author":96,"featured_media":95105,"comment_status":"closed","ping_status":"closed","sticky":false,"template":"","format":"standard","meta":{"footnotes":""},"categories":[252,439],"tags":[],"class_list":["post-121191","post","type-post","status-publish","format-standard","has-post-thumbnail","hentry","category-regiao","category-ultima-hora"],"_links":{"self":[{"href":"https:\/\/diarioregionaldigital.com.br\/index.php?rest_route=\/wp\/v2\/posts\/121191","targetHints":{"allow":["GET"]}}],"collection":[{"href":"https:\/\/diarioregionaldigital.com.br\/index.php?rest_route=\/wp\/v2\/posts"}],"about":[{"href":"https:\/\/diarioregionaldigital.com.br\/index.php?rest_route=\/wp\/v2\/types\/post"}],"author":[{"embeddable":true,"href":"https:\/\/diarioregionaldigital.com.br\/index.php?rest_route=\/wp\/v2\/users\/96"}],"replies":[{"embeddable":true,"href":"https:\/\/diarioregionaldigital.com.br\/index.php?rest_route=%2Fwp%2Fv2%2Fcomments&post=121191"}],"version-history":[{"count":0,"href":"https:\/\/diarioregionaldigital.com.br\/index.php?rest_route=\/wp\/v2\/posts\/121191\/revisions"}],"wp:featuredmedia":[{"embeddable":true,"href":"https:\/\/diarioregionaldigital.com.br\/index.php?rest_route=\/wp\/v2\/media\/95105"}],"wp:attachment":[{"href":"https:\/\/diarioregionaldigital.com.br\/index.php?rest_route=%2Fwp%2Fv2%2Fmedia&parent=121191"}],"wp:term":[{"taxonomy":"category","embeddable":true,"href":"https:\/\/diarioregionaldigital.com.br\/index.php?rest_route=%2Fwp%2Fv2%2Fcategories&post=121191"},{"taxonomy":"post_tag","embeddable":true,"href":"https:\/\/diarioregionaldigital.com.br\/index.php?rest_route=%2Fwp%2Fv2%2Ftags&post=121191"}],"curies":[{"name":"wp","href":"https:\/\/api.w.org\/{rel}","templated":true}]}}