{"id":121188,"date":"2018-09-29T16:36:59","date_gmt":"2018-09-29T19:36:59","guid":{"rendered":"https:\/\/diarioregionaldigital.com.br\/?p=121188"},"modified":"2018-09-29T16:36:59","modified_gmt":"2018-09-29T19:36:59","slug":"alto-dos-passos-recebe-edicao-especial-do-bem-comum-lazer-neste-domingo","status":"publish","type":"post","link":"https:\/\/diarioregionaldigital.com.br\/?p=121188","title":{"rendered":"Alto dos Passos recebe edi\u00e7\u00e3o especial do \u201cBem Comum Lazer\u201d neste domingo"},"content":{"rendered":"<p>Neste domingo, 30, a Secretaria de Transporte e Tr\u00e2nsito (Settra) da Prefeitura de Juiz de Fora (PJF) far\u00e1 interven\u00e7\u00f5es no tr\u00e2nsito da regi\u00e3o central, e, excepcionalmente, na Rua Dom Vi\u00e7oso, no Alto dos Passos, para uma edi\u00e7\u00e3o especial do \u201cBem Comum Lazer\u201d. Das 7 \u00e0s 13 horas, a pista central da Avenida Rio Branco, no trecho entre a Rua Doutor Romualdo e a Avenida Doutor Jos\u00e9 Proc\u00f3pio Teixeira, al\u00e9m da Rua Dom Vi\u00e7oso, no trecho entre as ruas Severiano Sarmento e Bar\u00e3o de Aquino, ficar\u00e3o interditados ao tr\u00e2nsito de ve\u00edculos.<\/p>\n<p>Os \u00f4nibus que circulam no sentido bairros Manoel Hon\u00f3rio\/Bom Pastor deixar\u00e3o a faixa central no cruzamento da Avenida Rio Branco com Avenida Presidente Itamar Franco, utilizando a lateral. No sentido inverso, retornar\u00e3o \u00e0 pista central no cruzamento com a Rua Doutor Romualdo. Os pontos de parada na pista lateral ser\u00e3o em frente aos atuais da pista central.<\/p>\n<p>J\u00e1 os \u00f4nibus da linha Mundo Novo, durante o evento, far\u00e3o o seguinte trajeto:<\/p>\n<p><b>Linha 111<\/b><\/p>\n<p>Sentido Santa Terezinha \/ Mundo Novo: ruas Moraes e Castro, Pedro Botti, Vieira Pena, Onofre Mendes, Jos\u00e9 do Patroc\u00ednio.<\/p>\n<p>Sentido Mundo Novo \/ Santa Terezinha: ruas Jos\u00e9 do Patroc\u00ednio, Pedro Botti, Vieira Pena, Bar\u00e3o de S\u00e3o Marcelino, Avenida Rio Branco.<\/p>\n<p><b>Linha 112 e 115<\/b><\/p>\n<p>Sentido Santa Terezinha \/ Mundo Novo: ruas Moraes e Castro, Pedro Botti, Vieira Pena, Professor Francisco Sobral, Jos\u00e9 Lopes Filho, Augusto Braga (ponto final).<\/p>\n<p>Sentido Mundo Novo \/ Santa Terezinha: sem altera\u00e7\u00e3o.<\/p>\n<p><em>Fonte: PJF<\/em><\/p>\n","protected":false},"excerpt":{"rendered":"<p>Neste domingo, 30, a Secretaria de Transporte e Tr\u00e2nsito (Settra) da Prefeitura de Juiz de Fora (PJF) far\u00e1 interven\u00e7\u00f5es no tr\u00e2nsito da regi\u00e3o central, e, excepcionalmente, na Rua Dom Vi\u00e7oso, no Alto dos Passos, para uma edi\u00e7\u00e3o especial do \u201cBem Comum Lazer\u201d. Das 7 \u00e0s 13 horas, a pista central da Avenida Rio Branco, no [&hellip;]<\/p>\n","protected":false},"author":96,"featured_media":0,"comment_status":"closed","ping_status":"closed","sticky":false,"template":"","format":"standard","meta":{"footnotes":""},"categories":[253,439],"tags":[],"class_list":["post-121188","post","type-post","status-publish","format-standard","hentry","category-cidade","category-ultima-hora"],"_links":{"self":[{"href":"https:\/\/diarioregionaldigital.com.br\/index.php?rest_route=\/wp\/v2\/posts\/121188","targetHints":{"allow":["GET"]}}],"collection":[{"href":"https:\/\/diarioregionaldigital.com.br\/index.php?rest_route=\/wp\/v2\/posts"}],"about":[{"href":"https:\/\/diarioregionaldigital.com.br\/index.php?rest_route=\/wp\/v2\/types\/post"}],"author":[{"embeddable":true,"href":"https:\/\/diarioregionaldigital.com.br\/index.php?rest_route=\/wp\/v2\/users\/96"}],"replies":[{"embeddable":true,"href":"https:\/\/diarioregionaldigital.com.br\/index.php?rest_route=%2Fwp%2Fv2%2Fcomments&post=121188"}],"version-history":[{"count":0,"href":"https:\/\/diarioregionaldigital.com.br\/index.php?rest_route=\/wp\/v2\/posts\/121188\/revisions"}],"wp:attachment":[{"href":"https:\/\/diarioregionaldigital.com.br\/index.php?rest_route=%2Fwp%2Fv2%2Fmedia&parent=121188"}],"wp:term":[{"taxonomy":"category","embeddable":true,"href":"https:\/\/diarioregionaldigital.com.br\/index.php?rest_route=%2Fwp%2Fv2%2Fcategories&post=121188"},{"taxonomy":"post_tag","embeddable":true,"href":"https:\/\/diarioregionaldigital.com.br\/index.php?rest_route=%2Fwp%2Fv2%2Ftags&post=121188"}],"curies":[{"name":"wp","href":"https:\/\/api.w.org\/{rel}","templated":true}]}}