{"id":121185,"date":"2018-09-29T16:31:11","date_gmt":"2018-09-29T19:31:11","guid":{"rendered":"https:\/\/diarioregionaldigital.com.br\/?p=121185"},"modified":"2018-09-29T16:31:11","modified_gmt":"2018-09-29T19:31:11","slug":"vinte-governadores-vao-disputar-a-reeleicao-em-outubro","status":"publish","type":"post","link":"https:\/\/diarioregionaldigital.com.br\/?p=121185","title":{"rendered":"Vinte governadores v\u00e3o disputar a reelei\u00e7\u00e3o em outubro"},"content":{"rendered":"<p>A maioria dos governadores dos 26 estados e do Distrito Federal vai disputar a reelei\u00e7\u00e3o neste ano. Dos 27 no exerc\u00edcio do cargo, 20 s\u00e3o candidatos a um novo mandato. Destes somente cinco &#8211; Rodrigo Rollemberg (PSB-DF), Suely Campos (PP-RR), Robinson Farias (PSD-RN), Z\u00e9 Eliton (PSDB-GO) e M\u00e1rcio Fran\u00e7a (PSB-SP) &#8211; t\u00eam poucas chances de sucesso eleitoral, segundo indicam as pesquisas regionais de inten\u00e7\u00e3o de votos feitas pelo Ibope neste m\u00eas e registradas na Justi\u00e7a Eleitoral.<\/p>\n<p>Os governadores Ti\u00e3o Viana (PT-AC), Paulo Hartung (MDB-ES), Sim\u00e3o Jatene (PSDB-PA), Ricardo Coutinho (PSB-PB) e Luiz Fernando Pez\u00e3o (MDB-RJ), todos reeleitos em 2014, est\u00e3o fora da disputa eleitoral este ano. Daniel Pereira (PSB-RO) e Eduardo Pinho Moreira (MDB-SC), vices no exerc\u00edcio do cargo em substitui\u00e7\u00e3o aos eleitos em 2014, tamb\u00e9m n\u00e3o v\u00e3o concorrer em outubro.<\/p>\n<p>Conforme dados do Tribunal Superior Eleitoral (TSE), neste ano, foram pedidos 202 registros de candidaturas aos governos estaduais e do Distrito Federal. At\u00e9 o momento, 182 registros foram aceitos pelos tribunais regionais eleitorais.<\/p>\n<p>A Justi\u00e7a Eleitoral negou quatro registros. Outros 14 foram indeferidos com recurso, o que d\u00e1 a possibilidade de o candidato concorrer at\u00e9 o julgamento final. Dois candidatos a governador renunciaram antes do pleito: Fernando Collor (PTC-AL) e Mikaelton Carantino (PCO-CE).<\/p>\n<p>Al\u00e9m dos 20 candidatos \u00e0 reelei\u00e7\u00e3o, em alguns estados a disputa envolve ex-governadores que estiveram no comando em outros tempos. Por exemplo, Ant\u00f4nio Anastasia (PSDB), em Minas Gerais, Renato Casagrande (PSB), no Esp\u00edrito Santo, Jos\u00e9 Anchieta (PSDB), em Roraima, Jos\u00e9 Maranh\u00e3o (MDB), na Para\u00edba, e Jo\u00e3o Capiberibe (PSB), no Amap\u00e1.<\/p>\n<p><em>Fonte: Ag\u00eancia Brasil<\/em><\/p>\n","protected":false},"excerpt":{"rendered":"<p>A maioria dos governadores dos 26 estados e do Distrito Federal vai disputar a reelei\u00e7\u00e3o neste ano. Dos 27 no exerc\u00edcio do cargo, 20 s\u00e3o candidatos a um novo mandato. Destes somente cinco &#8211; Rodrigo Rollemberg (PSB-DF), Suely Campos (PP-RR), Robinson Farias (PSD-RN), Z\u00e9 Eliton (PSDB-GO) e M\u00e1rcio Fran\u00e7a (PSB-SP) &#8211; t\u00eam poucas chances de [&hellip;]<\/p>\n","protected":false},"author":96,"featured_media":0,"comment_status":"closed","ping_status":"closed","sticky":false,"template":"","format":"standard","meta":{"footnotes":""},"categories":[254,439],"tags":[],"class_list":["post-121185","post","type-post","status-publish","format-standard","hentry","category-politica","category-ultima-hora"],"_links":{"self":[{"href":"https:\/\/diarioregionaldigital.com.br\/index.php?rest_route=\/wp\/v2\/posts\/121185","targetHints":{"allow":["GET"]}}],"collection":[{"href":"https:\/\/diarioregionaldigital.com.br\/index.php?rest_route=\/wp\/v2\/posts"}],"about":[{"href":"https:\/\/diarioregionaldigital.com.br\/index.php?rest_route=\/wp\/v2\/types\/post"}],"author":[{"embeddable":true,"href":"https:\/\/diarioregionaldigital.com.br\/index.php?rest_route=\/wp\/v2\/users\/96"}],"replies":[{"embeddable":true,"href":"https:\/\/diarioregionaldigital.com.br\/index.php?rest_route=%2Fwp%2Fv2%2Fcomments&post=121185"}],"version-history":[{"count":0,"href":"https:\/\/diarioregionaldigital.com.br\/index.php?rest_route=\/wp\/v2\/posts\/121185\/revisions"}],"wp:attachment":[{"href":"https:\/\/diarioregionaldigital.com.br\/index.php?rest_route=%2Fwp%2Fv2%2Fmedia&parent=121185"}],"wp:term":[{"taxonomy":"category","embeddable":true,"href":"https:\/\/diarioregionaldigital.com.br\/index.php?rest_route=%2Fwp%2Fv2%2Fcategories&post=121185"},{"taxonomy":"post_tag","embeddable":true,"href":"https:\/\/diarioregionaldigital.com.br\/index.php?rest_route=%2Fwp%2Fv2%2Ftags&post=121185"}],"curies":[{"name":"wp","href":"https:\/\/api.w.org\/{rel}","templated":true}]}}