{"id":121172,"date":"2018-09-29T14:59:46","date_gmt":"2018-09-29T17:59:46","guid":{"rendered":"https:\/\/diarioregionaldigital.com.br\/?p=121172"},"modified":"2018-09-29T14:59:46","modified_gmt":"2018-09-29T17:59:46","slug":"jungmann-anuncia-mais-de-r-100-milhoes-para-compra-de-radares","status":"publish","type":"post","link":"https:\/\/diarioregionaldigital.com.br\/?p=121172","title":{"rendered":"Jungmann anuncia mais de R$ 100 milh\u00f5es para compra de radares"},"content":{"rendered":"<p>O governo destinar\u00e1, por meio de conv\u00eanio com a For\u00e7a A\u00e9rea Brasileira (FAB), mais de R$ 100 milh\u00f5es para a aquisi\u00e7\u00e3o de radares a\u00e9reos de baixa altitude. O an\u00fancio foi feito nessa sexta-feira, 28, pelo ministro da Seguran\u00e7a P\u00fablica, Raul Jungmann, durante visita \u00e0 cidade paranaense de Cascavel.<\/p>\n<p>Segundo ele, o conv\u00eanio, que tem previs\u00e3o de ser assinado no in\u00edcio de outubro, permitir\u00e1 o refor\u00e7o dos trabalhos de combate \u00e0 entrada de armas e drogas no pa\u00eds, por meio do monitoramento de aeronaves que sobrevoem a faixa de fronteira.<\/p>\n<p>\u201cGrande parte do tr\u00e1fico de armas e de drogas \u00e9 feita por avionetas de baixa altitude, usadas para tentar escapar dos radares convencionais. Por isso, estamos fechando um acordo com a For\u00e7a A\u00e9rea Brasileira para aquisi\u00e7\u00e3o de radares m\u00f3veis de baixa altitude\u201d, disse Jungmann em nota divulgada pelo Minist\u00e9rio da Seguran\u00e7a P\u00fablica.<\/p>\n<p>O ministro informou que os equipamentos ser\u00e3o colocados na fronteira com a Bol\u00edvia e com o Paraguai.<\/p>\n<p>&nbsp;<\/p>\n<p>Fonte: Ag\u00eancia Brasil<\/p>\n","protected":false},"excerpt":{"rendered":"<p>O governo destinar\u00e1, por meio de conv\u00eanio com a For\u00e7a A\u00e9rea Brasileira (FAB), mais de R$ 100 milh\u00f5es para a aquisi\u00e7\u00e3o de radares a\u00e9reos de baixa altitude. O an\u00fancio foi feito nessa sexta-feira, 28, pelo ministro da Seguran\u00e7a P\u00fablica, Raul Jungmann, durante visita \u00e0 cidade paranaense de Cascavel. Segundo ele, o conv\u00eanio, que tem previs\u00e3o [&hellip;]<\/p>\n","protected":false},"author":96,"featured_media":121173,"comment_status":"closed","ping_status":"closed","sticky":false,"template":"","format":"standard","meta":{"footnotes":""},"categories":[302,436,439],"tags":[],"class_list":["post-121172","post","type-post","status-publish","format-standard","has-post-thumbnail","hentry","category-brasil-mundo","category-destaque-da-semana","category-ultima-hora"],"_links":{"self":[{"href":"https:\/\/diarioregionaldigital.com.br\/index.php?rest_route=\/wp\/v2\/posts\/121172","targetHints":{"allow":["GET"]}}],"collection":[{"href":"https:\/\/diarioregionaldigital.com.br\/index.php?rest_route=\/wp\/v2\/posts"}],"about":[{"href":"https:\/\/diarioregionaldigital.com.br\/index.php?rest_route=\/wp\/v2\/types\/post"}],"author":[{"embeddable":true,"href":"https:\/\/diarioregionaldigital.com.br\/index.php?rest_route=\/wp\/v2\/users\/96"}],"replies":[{"embeddable":true,"href":"https:\/\/diarioregionaldigital.com.br\/index.php?rest_route=%2Fwp%2Fv2%2Fcomments&post=121172"}],"version-history":[{"count":0,"href":"https:\/\/diarioregionaldigital.com.br\/index.php?rest_route=\/wp\/v2\/posts\/121172\/revisions"}],"wp:featuredmedia":[{"embeddable":true,"href":"https:\/\/diarioregionaldigital.com.br\/index.php?rest_route=\/wp\/v2\/media\/121173"}],"wp:attachment":[{"href":"https:\/\/diarioregionaldigital.com.br\/index.php?rest_route=%2Fwp%2Fv2%2Fmedia&parent=121172"}],"wp:term":[{"taxonomy":"category","embeddable":true,"href":"https:\/\/diarioregionaldigital.com.br\/index.php?rest_route=%2Fwp%2Fv2%2Fcategories&post=121172"},{"taxonomy":"post_tag","embeddable":true,"href":"https:\/\/diarioregionaldigital.com.br\/index.php?rest_route=%2Fwp%2Fv2%2Ftags&post=121172"}],"curies":[{"name":"wp","href":"https:\/\/api.w.org\/{rel}","templated":true}]}}