{"id":121167,"date":"2018-09-29T14:32:38","date_gmt":"2018-09-29T17:32:38","guid":{"rendered":"https:\/\/diarioregionaldigital.com.br\/?p=121167"},"modified":"2018-09-29T14:47:14","modified_gmt":"2018-09-29T17:47:14","slug":"bolsonaro-recebe-alta-medica-deixa-hospital-e-vai-para-o-rio","status":"publish","type":"post","link":"https:\/\/diarioregionaldigital.com.br\/?p=121167","title":{"rendered":"Bolsonaro recebe alta m\u00e9dica, deixa hospital e vai para o Rio"},"content":{"rendered":"<p>O candidato \u00e0 Presid\u00eancia da Rep\u00fablica, Jair Bolsonaro (PSL), deixou o hospital Albert Einstein, no Morumbi, em S\u00e3o Paulo, \u00e0s 13h45 deste s\u00e1bado, 29.<\/p>\n<p>Ele recebeu alta m\u00e9dica \u00e0s 10h, ap\u00f3s passar 22 dias internado por ter sido esfaqueado em 6 de setembro durante um ato de campanha em Juiz de Fora.<\/p>\n<p>Bolsonaro seguiu para o Aeroporto de Congonhas, onde embarcar\u00e1 para o Rio de Janeiro, no voo das 15h40.<\/p>\n<p>O presidenci\u00e1vel deixou o hospital por uma sa\u00edda alternativa para evitar a movimenta\u00e7\u00e3o da imprensa, que o aguardava na entrada principal do hospital.<\/p>\n<p>Gustavo Bebbiano, presidente do PSL, informou que o candidato segue com a sa\u00fade fr\u00e1gil nos pr\u00f3ximos 15 dias e que n\u00e3o far\u00e1 campanha de rua. Ele avalia que, com isso, a campanha foi prejudicada.<\/p>\n<p>\u201cPorque [a campanha] n\u00e3o conta com muitos recursos, n\u00e3o aceitamos doa\u00e7\u00f5es de empres\u00e1rios, fazemos uma pol\u00edtica diferenciada. A campanha vinha sendo feita com base no contato de Bolsonaro com o p\u00fablico\u201d, disse.<\/p>\n<p>Bebbiano comentou sobre as pol\u00eamicas envolvendo o vice de Bolsonaro, general Mour\u00e3o. \u201cO general \u00e9 um homem brilhante, uma pessoa especialmente inteligente, experiente, mas que, talvez, n\u00e3o tenha esse traquejo com a imprensa. \u00c0s vezes, ele pode expressar um pensamento pessoal, que n\u00e3o reflete o plano de governo de Bolsonaro\u201d, declarou.<\/p>\n<p>O presidente do PSL falou sobre os questionamentos de Bolsonaro a respeito da confiabilidade das urnas eletr\u00f4nicas.<\/p>\n<p>\u201cO que nos incomoda \u00e9 a impossibilidade da recontagem de votos. A gente tem uma contagem secreta de votos, que fica nas m\u00e3os de meia d\u00fazia de t\u00e9cnicos. Infelizmente, isso contraria princ\u00edpios da publicidade, transpar\u00eancia inerentes \u00e0 administra\u00e7\u00e3o p\u00fablica\u201d, finalizou.<\/p>\n<p>&nbsp;<\/p>\n<p>Fonte: Ag\u00eancia Brasil<\/p>\n","protected":false},"excerpt":{"rendered":"<p>O candidato \u00e0 Presid\u00eancia da Rep\u00fablica, Jair Bolsonaro (PSL), deixou o hospital Albert Einstein, no Morumbi, em S\u00e3o Paulo, \u00e0s 13h45 deste s\u00e1bado, 29. Ele recebeu alta m\u00e9dica \u00e0s 10h, ap\u00f3s passar 22 dias internado por ter sido esfaqueado em 6 de setembro durante um ato de campanha em Juiz de Fora. Bolsonaro seguiu para [&hellip;]<\/p>\n","protected":false},"author":96,"featured_media":121168,"comment_status":"closed","ping_status":"closed","sticky":false,"template":"","format":"standard","meta":{"footnotes":""},"categories":[436,440,254,439],"tags":[],"class_list":["post-121167","post","type-post","status-publish","format-standard","has-post-thumbnail","hentry","category-destaque-da-semana","category-destaques-do-dia","category-politica","category-ultima-hora"],"_links":{"self":[{"href":"https:\/\/diarioregionaldigital.com.br\/index.php?rest_route=\/wp\/v2\/posts\/121167","targetHints":{"allow":["GET"]}}],"collection":[{"href":"https:\/\/diarioregionaldigital.com.br\/index.php?rest_route=\/wp\/v2\/posts"}],"about":[{"href":"https:\/\/diarioregionaldigital.com.br\/index.php?rest_route=\/wp\/v2\/types\/post"}],"author":[{"embeddable":true,"href":"https:\/\/diarioregionaldigital.com.br\/index.php?rest_route=\/wp\/v2\/users\/96"}],"replies":[{"embeddable":true,"href":"https:\/\/diarioregionaldigital.com.br\/index.php?rest_route=%2Fwp%2Fv2%2Fcomments&post=121167"}],"version-history":[{"count":0,"href":"https:\/\/diarioregionaldigital.com.br\/index.php?rest_route=\/wp\/v2\/posts\/121167\/revisions"}],"wp:featuredmedia":[{"embeddable":true,"href":"https:\/\/diarioregionaldigital.com.br\/index.php?rest_route=\/wp\/v2\/media\/121168"}],"wp:attachment":[{"href":"https:\/\/diarioregionaldigital.com.br\/index.php?rest_route=%2Fwp%2Fv2%2Fmedia&parent=121167"}],"wp:term":[{"taxonomy":"category","embeddable":true,"href":"https:\/\/diarioregionaldigital.com.br\/index.php?rest_route=%2Fwp%2Fv2%2Fcategories&post=121167"},{"taxonomy":"post_tag","embeddable":true,"href":"https:\/\/diarioregionaldigital.com.br\/index.php?rest_route=%2Fwp%2Fv2%2Ftags&post=121167"}],"curies":[{"name":"wp","href":"https:\/\/api.w.org\/{rel}","templated":true}]}}