{"id":121155,"date":"2018-09-29T12:41:21","date_gmt":"2018-09-29T15:41:21","guid":{"rendered":"https:\/\/diarioregionaldigital.com.br\/?p=121155"},"modified":"2018-09-29T12:41:21","modified_gmt":"2018-09-29T15:41:21","slug":"fux-suspende-liminar-que-autorizava-entrevista-de-lula","status":"publish","type":"post","link":"https:\/\/diarioregionaldigital.com.br\/?p=121155","title":{"rendered":"Fux suspende liminar que autorizava entrevista de Lula"},"content":{"rendered":"<p>O ministro do Supremo Tribunal Federal (STF) Luiz Fux suspendeu, na noite dessa sexta-feira, 28, a liminar concedida hora antes pelo ministro\u00a0Ricardo Lewandowski\u00a0autorizando o ex-presidente Luiz In\u00e1cio Lula da Silva a conceder entrevista \u00e0\u00a0<em>Folha de S.Paulo<\/em>. Em mat\u00e9ria publicada hoje, 29, o jornal reagiu com cr\u00edticas \u00e0 decis\u00e3o.<\/p>\n<p>O pedido de suspens\u00e3o da liminar que autorizava a entrevista foi ajuizado pelo Partido Novo, sob a argumenta\u00e7\u00e3o de que afrontaria o princ\u00edpio republicano e a legitimidade das elei\u00e7\u00f5es. Ainda segundo as argumenta\u00e7\u00f5es apresentadas pelo partido, citadas na decis\u00e3o de Fux, \u201ca liberdade de imprensa deve ser ponderada em face da liberdade do voto&#8221;. Na decis\u00e3o em que indefere a liminar do ministro Lewandowski, Fux remete o caso ao plen\u00e1rio, para que aprecie a mat\u00e9ria de forma definitiva.<\/p>\n<p>\u201cPor conseguinte, determino que o requerido Luiz In\u00e1cio Lula da Silva se abstenha de realizar entrevista ou declara\u00e7\u00e3o a qualquer meio de comunica\u00e7\u00e3o, seja a imprensa ou outro ve\u00edculo destinado \u00e0 transmiss\u00e3o de informa\u00e7\u00e3o para o p\u00fablico em geral. Determino, ainda, caso qualquer entrevista ou declara\u00e7\u00e3o j\u00e1 tenha sido realizada por parte do aludido requerido, a proibi\u00e7\u00e3o da divulga\u00e7\u00e3o do seu conte\u00fado por qualquer forma, sob pena da configura\u00e7\u00e3o de crime de desobedi\u00eancia\u201d, argumentou o ministro.<\/p>\n<p>Segundo ele, a decis\u00e3o do relator da mat\u00e9ria, o ministro Ricardo Lewandowski, \u2013 amparada pelo princ\u00edpio constitucional que garante a plena liberdade de imprensa como categoria proibitiva de qualquer tipo de censura pr\u00e9via e sob a justificativa de que tal proibi\u00e7\u00e3o negaria ao preso o direito de contato com o mundo exterior \u2013 \u201c exorbita de seus termos e expande a liberdade de imprensa a um patamar absoluto incompat\u00edvel com a multiplicidade de vetores fundamentais estabelecidos na Constitui\u00e7\u00e3o\u201d.<\/p>\n<p>Ainda segundo as argumenta\u00e7\u00f5es apresentadas por Fux, \u201co mercado livre de ideias\u2026 tem falhas t\u00e3o delet\u00e9rias ao bem-estar social quanto um mercado totalmente livre de circula\u00e7\u00e3o de bens e servi\u00e7os\u201d.<\/p>\n<p>\u201cAdmitir que a transmiss\u00e3o de informa\u00e7\u00f5es seria impass\u00edvel de regula\u00e7\u00e3o para a prote\u00e7\u00e3o de valores comunit\u00e1rios equivaleria a defender a aboli\u00e7\u00e3o de regula\u00e7\u00f5es da economia em geral\u201d, acrescentou ele, ao defender a regula\u00e7\u00e3o da livre express\u00e3o de ideias no per\u00edodo que antecede as elei\u00e7\u00f5es, como forma de proteger o eleitor de informa\u00e7\u00f5es falsas ou imprecisas e, por consequ\u00eancia, o bom funcionamento da democracia, a igualdade de chances, a oralidade, a normalidade e a legitimidade das elei\u00e7\u00f5es.<\/p>\n<p>Fonte: Ag\u00eancia Brasil<\/p>\n","protected":false},"excerpt":{"rendered":"<p>O ministro do Supremo Tribunal Federal (STF) Luiz Fux suspendeu, na noite dessa sexta-feira, 28, a liminar concedida hora antes pelo ministro\u00a0Ricardo Lewandowski\u00a0autorizando o ex-presidente Luiz In\u00e1cio Lula da Silva a conceder entrevista \u00e0\u00a0Folha de S.Paulo. Em mat\u00e9ria publicada hoje, 29, o jornal reagiu com cr\u00edticas \u00e0 decis\u00e3o. O pedido de suspens\u00e3o da liminar que [&hellip;]<\/p>\n","protected":false},"author":96,"featured_media":110728,"comment_status":"closed","ping_status":"closed","sticky":false,"template":"","format":"standard","meta":{"footnotes":""},"categories":[436,254,439],"tags":[],"class_list":["post-121155","post","type-post","status-publish","format-standard","has-post-thumbnail","hentry","category-destaque-da-semana","category-politica","category-ultima-hora"],"_links":{"self":[{"href":"https:\/\/diarioregionaldigital.com.br\/index.php?rest_route=\/wp\/v2\/posts\/121155","targetHints":{"allow":["GET"]}}],"collection":[{"href":"https:\/\/diarioregionaldigital.com.br\/index.php?rest_route=\/wp\/v2\/posts"}],"about":[{"href":"https:\/\/diarioregionaldigital.com.br\/index.php?rest_route=\/wp\/v2\/types\/post"}],"author":[{"embeddable":true,"href":"https:\/\/diarioregionaldigital.com.br\/index.php?rest_route=\/wp\/v2\/users\/96"}],"replies":[{"embeddable":true,"href":"https:\/\/diarioregionaldigital.com.br\/index.php?rest_route=%2Fwp%2Fv2%2Fcomments&post=121155"}],"version-history":[{"count":0,"href":"https:\/\/diarioregionaldigital.com.br\/index.php?rest_route=\/wp\/v2\/posts\/121155\/revisions"}],"wp:featuredmedia":[{"embeddable":true,"href":"https:\/\/diarioregionaldigital.com.br\/index.php?rest_route=\/wp\/v2\/media\/110728"}],"wp:attachment":[{"href":"https:\/\/diarioregionaldigital.com.br\/index.php?rest_route=%2Fwp%2Fv2%2Fmedia&parent=121155"}],"wp:term":[{"taxonomy":"category","embeddable":true,"href":"https:\/\/diarioregionaldigital.com.br\/index.php?rest_route=%2Fwp%2Fv2%2Fcategories&post=121155"},{"taxonomy":"post_tag","embeddable":true,"href":"https:\/\/diarioregionaldigital.com.br\/index.php?rest_route=%2Fwp%2Fv2%2Ftags&post=121155"}],"curies":[{"name":"wp","href":"https:\/\/api.w.org\/{rel}","templated":true}]}}