{"id":121150,"date":"2018-09-29T10:49:04","date_gmt":"2018-09-29T13:49:04","guid":{"rendered":"https:\/\/diarioregionaldigital.com.br\/?p=121150"},"modified":"2018-09-29T10:49:04","modified_gmt":"2018-09-29T13:49:04","slug":"homens-assaltam-onibus-no-bairro-encosta-do-sol","status":"publish","type":"post","link":"https:\/\/diarioregionaldigital.com.br\/?p=121150","title":{"rendered":"Homens assaltam \u00f4nibus no bairro Encosta do Sol"},"content":{"rendered":"<p>Um trocado e um motorista de \u00f4nibus que trabalham na linha 615 que atende o bairro Encosta do Sol, na zona Norte de Juiz de Fora, foram assaltados na noite dessa sexta-feira, 26. Segundo as v\u00edtimas, que possuem 19 e 29 anos, eles foram abordados, por volta das 22h, por dois homens que entraram no transporte coletivo que estava parado na Rua Engenheiro Reginaldo Arcuri.<\/p>\n<p>Os autores \u00a0estavam armados e amea\u00e7aram os trabalhadores, roubando deles R$350 e uma pochete que continha documentos pessoais e um celular. Ap\u00f3s o roubo, os autores fugiram de bicicleta e foram perseguidos por uma testemunha que conseguiu recuperar o celular roubado de uma das v\u00edtimas.<\/p>\n<p>A Pol\u00edcia Militar realizou rastreamento na regi\u00e3o, mas n\u00e3o conseguiu localizar os assaltantes.<\/p>\n","protected":false},"excerpt":{"rendered":"<p>Um trocado e um motorista de \u00f4nibus que trabalham na linha 615 que atende o bairro Encosta do Sol, na zona Norte de Juiz de Fora, foram assaltados na noite dessa sexta-feira, 26. Segundo as v\u00edtimas, que possuem 19 e 29 anos, eles foram abordados, por volta das 22h, por dois homens que entraram no [&hellip;]<\/p>\n","protected":false},"author":96,"featured_media":95836,"comment_status":"closed","ping_status":"closed","sticky":false,"template":"","format":"standard","meta":{"footnotes":""},"categories":[301],"tags":[],"class_list":["post-121150","post","type-post","status-publish","format-standard","has-post-thumbnail","hentry","category-artigos-policiais"],"_links":{"self":[{"href":"https:\/\/diarioregionaldigital.com.br\/index.php?rest_route=\/wp\/v2\/posts\/121150","targetHints":{"allow":["GET"]}}],"collection":[{"href":"https:\/\/diarioregionaldigital.com.br\/index.php?rest_route=\/wp\/v2\/posts"}],"about":[{"href":"https:\/\/diarioregionaldigital.com.br\/index.php?rest_route=\/wp\/v2\/types\/post"}],"author":[{"embeddable":true,"href":"https:\/\/diarioregionaldigital.com.br\/index.php?rest_route=\/wp\/v2\/users\/96"}],"replies":[{"embeddable":true,"href":"https:\/\/diarioregionaldigital.com.br\/index.php?rest_route=%2Fwp%2Fv2%2Fcomments&post=121150"}],"version-history":[{"count":0,"href":"https:\/\/diarioregionaldigital.com.br\/index.php?rest_route=\/wp\/v2\/posts\/121150\/revisions"}],"wp:featuredmedia":[{"embeddable":true,"href":"https:\/\/diarioregionaldigital.com.br\/index.php?rest_route=\/wp\/v2\/media\/95836"}],"wp:attachment":[{"href":"https:\/\/diarioregionaldigital.com.br\/index.php?rest_route=%2Fwp%2Fv2%2Fmedia&parent=121150"}],"wp:term":[{"taxonomy":"category","embeddable":true,"href":"https:\/\/diarioregionaldigital.com.br\/index.php?rest_route=%2Fwp%2Fv2%2Fcategories&post=121150"},{"taxonomy":"post_tag","embeddable":true,"href":"https:\/\/diarioregionaldigital.com.br\/index.php?rest_route=%2Fwp%2Fv2%2Ftags&post=121150"}],"curies":[{"name":"wp","href":"https:\/\/api.w.org\/{rel}","templated":true}]}}