{"id":121144,"date":"2018-09-29T09:54:49","date_gmt":"2018-09-29T12:54:49","guid":{"rendered":"https:\/\/diarioregionaldigital.com.br\/?p=121144"},"modified":"2018-09-29T09:54:49","modified_gmt":"2018-09-29T12:54:49","slug":"casa-e-invadida-por-assaltante-no-bairro-esplanada","status":"publish","type":"post","link":"https:\/\/diarioregionaldigital.com.br\/?p=121144","title":{"rendered":"Casa \u00e9 invadida por assaltante no bairro Esplanada"},"content":{"rendered":"<p>Nessa sexta, 28, um homem de 53 anos teve a casa invadida por um assaltante na Avenida Olavo Bilac, no bairro Esplanada, regi\u00e3o Norte de Juiz de Fora. Segundo relato da v\u00edtima \u00e0 Pol\u00edcia Militar (PM), o autor estava armado e, ap\u00f3s o agredir fisicamente, roubou o seu aparelho celular e fugiu. O crime aconteceu por volta das 14h.<\/p>\n<p>O homem que sofreu o assalto precisou ser socorrido por m\u00e9dicos e encaminhado ao Hospital de Pronto Socorro Dr. Mozart Teixeira (HPS), na Avenida Rio Branco,\u00a0no Centro. Ele foi diagnosticado com traumatismo craniano, al\u00e9m de ter sido ferido na testa, no l\u00e1bio superior e no nariz, permanecendo internado em observa\u00e7\u00e3o.<\/p>\n<p>O assaltante n\u00e3o foi encontrado pela PM.<\/p>\n","protected":false},"excerpt":{"rendered":"<p>Nessa sexta, 28, um homem de 53 anos teve a casa invadida por um assaltante na Avenida Olavo Bilac, no bairro Esplanada, regi\u00e3o Norte de Juiz de Fora. Segundo relato da v\u00edtima \u00e0 Pol\u00edcia Militar (PM), o autor estava armado e, ap\u00f3s o agredir fisicamente, roubou o seu aparelho celular e fugiu. O crime aconteceu [&hellip;]<\/p>\n","protected":false},"author":96,"featured_media":95836,"comment_status":"closed","ping_status":"closed","sticky":false,"template":"","format":"standard","meta":{"footnotes":""},"categories":[301],"tags":[],"class_list":["post-121144","post","type-post","status-publish","format-standard","has-post-thumbnail","hentry","category-artigos-policiais"],"_links":{"self":[{"href":"https:\/\/diarioregionaldigital.com.br\/index.php?rest_route=\/wp\/v2\/posts\/121144","targetHints":{"allow":["GET"]}}],"collection":[{"href":"https:\/\/diarioregionaldigital.com.br\/index.php?rest_route=\/wp\/v2\/posts"}],"about":[{"href":"https:\/\/diarioregionaldigital.com.br\/index.php?rest_route=\/wp\/v2\/types\/post"}],"author":[{"embeddable":true,"href":"https:\/\/diarioregionaldigital.com.br\/index.php?rest_route=\/wp\/v2\/users\/96"}],"replies":[{"embeddable":true,"href":"https:\/\/diarioregionaldigital.com.br\/index.php?rest_route=%2Fwp%2Fv2%2Fcomments&post=121144"}],"version-history":[{"count":0,"href":"https:\/\/diarioregionaldigital.com.br\/index.php?rest_route=\/wp\/v2\/posts\/121144\/revisions"}],"wp:featuredmedia":[{"embeddable":true,"href":"https:\/\/diarioregionaldigital.com.br\/index.php?rest_route=\/wp\/v2\/media\/95836"}],"wp:attachment":[{"href":"https:\/\/diarioregionaldigital.com.br\/index.php?rest_route=%2Fwp%2Fv2%2Fmedia&parent=121144"}],"wp:term":[{"taxonomy":"category","embeddable":true,"href":"https:\/\/diarioregionaldigital.com.br\/index.php?rest_route=%2Fwp%2Fv2%2Fcategories&post=121144"},{"taxonomy":"post_tag","embeddable":true,"href":"https:\/\/diarioregionaldigital.com.br\/index.php?rest_route=%2Fwp%2Fv2%2Ftags&post=121144"}],"curies":[{"name":"wp","href":"https:\/\/api.w.org\/{rel}","templated":true}]}}