{"id":121140,"date":"2018-09-29T09:37:09","date_gmt":"2018-09-29T12:37:09","guid":{"rendered":"https:\/\/diarioregionaldigital.com.br\/?p=121140"},"modified":"2018-09-29T09:42:59","modified_gmt":"2018-09-29T12:42:59","slug":"carros-estacionados-na-regiao-central-de-jf-sao-furtados","status":"publish","type":"post","link":"https:\/\/diarioregionaldigital.com.br\/?p=121140","title":{"rendered":"Carros estacionados na regi\u00e3o central de JF s\u00e3o furtados"},"content":{"rendered":"<p>Dois carros foram furtados na regi\u00e3o central de Juiz de Fora nessa sexta-feira, 28. Um dos registros feitos pela Pol\u00edcia Militar foi no bairro Morro da Gl\u00f3ria. Um jovem de 21 anos estacionou seu carro na Avenida dos Andradas, \u00e0s 7h15, e quando retornou, cerca de quatro horas depois, n\u00e3o mais encontrou o ve\u00edculo no local.<\/p>\n<p>O mesmo aconteceu no bairro Paineiras, onde uma mulher de 25 anos teve o ve\u00edculo roubado na Rua Renato Cruz Frederico. Ela estacionou na via, \u00e0s 9h, para ir para o trabalho, que fica nos arredores. Quando retornou no fim do dia, o carro n\u00e3o estava mais l\u00e1.<\/p>\n<p>Nos dois casos, as v\u00edtimas n\u00e3o apresentaram suspeitos e, at\u00e9 o momento, ningu\u00e9m foi preso pelos furtos.<\/p>\n","protected":false},"excerpt":{"rendered":"<p>Dois carros foram furtados na regi\u00e3o central de Juiz de Fora nessa sexta-feira, 28. Um dos registros feitos pela Pol\u00edcia Militar foi no bairro Morro da Gl\u00f3ria. Um jovem de 21 anos estacionou seu carro na Avenida dos Andradas, \u00e0s 7h15, e quando retornou, cerca de quatro horas depois, n\u00e3o mais encontrou o ve\u00edculo no [&hellip;]<\/p>\n","protected":false},"author":96,"featured_media":95836,"comment_status":"closed","ping_status":"closed","sticky":false,"template":"","format":"standard","meta":{"footnotes":""},"categories":[301],"tags":[],"class_list":["post-121140","post","type-post","status-publish","format-standard","has-post-thumbnail","hentry","category-artigos-policiais"],"_links":{"self":[{"href":"https:\/\/diarioregionaldigital.com.br\/index.php?rest_route=\/wp\/v2\/posts\/121140","targetHints":{"allow":["GET"]}}],"collection":[{"href":"https:\/\/diarioregionaldigital.com.br\/index.php?rest_route=\/wp\/v2\/posts"}],"about":[{"href":"https:\/\/diarioregionaldigital.com.br\/index.php?rest_route=\/wp\/v2\/types\/post"}],"author":[{"embeddable":true,"href":"https:\/\/diarioregionaldigital.com.br\/index.php?rest_route=\/wp\/v2\/users\/96"}],"replies":[{"embeddable":true,"href":"https:\/\/diarioregionaldigital.com.br\/index.php?rest_route=%2Fwp%2Fv2%2Fcomments&post=121140"}],"version-history":[{"count":0,"href":"https:\/\/diarioregionaldigital.com.br\/index.php?rest_route=\/wp\/v2\/posts\/121140\/revisions"}],"wp:featuredmedia":[{"embeddable":true,"href":"https:\/\/diarioregionaldigital.com.br\/index.php?rest_route=\/wp\/v2\/media\/95836"}],"wp:attachment":[{"href":"https:\/\/diarioregionaldigital.com.br\/index.php?rest_route=%2Fwp%2Fv2%2Fmedia&parent=121140"}],"wp:term":[{"taxonomy":"category","embeddable":true,"href":"https:\/\/diarioregionaldigital.com.br\/index.php?rest_route=%2Fwp%2Fv2%2Fcategories&post=121140"},{"taxonomy":"post_tag","embeddable":true,"href":"https:\/\/diarioregionaldigital.com.br\/index.php?rest_route=%2Fwp%2Fv2%2Ftags&post=121140"}],"curies":[{"name":"wp","href":"https:\/\/api.w.org\/{rel}","templated":true}]}}