{"id":121125,"date":"2018-09-29T07:47:40","date_gmt":"2018-09-29T10:47:40","guid":{"rendered":"https:\/\/diarioregionaldigital.com.br\/?p=121125"},"modified":"2018-09-29T07:48:10","modified_gmt":"2018-09-29T10:48:10","slug":"dolar-fecha-setembro-com-queda-de-087","status":"publish","type":"post","link":"https:\/\/diarioregionaldigital.com.br\/?p=121125","title":{"rendered":"D\u00f3lar fecha setembro com queda de 0,87%"},"content":{"rendered":"<p>A cota\u00e7\u00e3o da moeda norte-americana encerrou o preg\u00e3o dessa sexta-feira, 28, em alta de 1,07%, fechando a R$ 4,0371 para venda. No m\u00eas de setembro, o d\u00f3lar caiu 0,87% invertendo a tend\u00eancia\u00a0registrada em agosto, quando terminou o m\u00eas com alta acumulada de 8,46%. A moeda norte-americana registra no acumulado do ano uma valoriza\u00e7\u00e3o de 21,80%.<\/p>\n<p>O \u00edndice B3, da Bolsa de Valores de S\u00e3o Paulo (Bovespa), fechou o dia em baixa de 0,82%, com 79.342 pontos. Entre as a\u00e7\u00f5es mais negociadas, a Petrobras registrou queda de -1,72% enquanto a Vale, segunda mais negociada, teve alta de 0,34%. O acumulado de setembro registra uma alta de 3,5%, com uma alta acumulada no ano de 3,85%.<\/p>\n<p>Fonte: Ag\u00eancia Brasil<\/p>\n","protected":false},"excerpt":{"rendered":"<p>A cota\u00e7\u00e3o da moeda norte-americana encerrou o preg\u00e3o dessa sexta-feira, 28, em alta de 1,07%, fechando a R$ 4,0371 para venda. No m\u00eas de setembro, o d\u00f3lar caiu 0,87% invertendo a tend\u00eancia\u00a0registrada em agosto, quando terminou o m\u00eas com alta acumulada de 8,46%. A moeda norte-americana registra no acumulado do ano uma valoriza\u00e7\u00e3o de 21,80%. [&hellip;]<\/p>\n","protected":false},"author":96,"featured_media":109732,"comment_status":"closed","ping_status":"closed","sticky":false,"template":"","format":"standard","meta":{"footnotes":""},"categories":[302,436,439],"tags":[],"class_list":["post-121125","post","type-post","status-publish","format-standard","has-post-thumbnail","hentry","category-brasil-mundo","category-destaque-da-semana","category-ultima-hora"],"_links":{"self":[{"href":"https:\/\/diarioregionaldigital.com.br\/index.php?rest_route=\/wp\/v2\/posts\/121125","targetHints":{"allow":["GET"]}}],"collection":[{"href":"https:\/\/diarioregionaldigital.com.br\/index.php?rest_route=\/wp\/v2\/posts"}],"about":[{"href":"https:\/\/diarioregionaldigital.com.br\/index.php?rest_route=\/wp\/v2\/types\/post"}],"author":[{"embeddable":true,"href":"https:\/\/diarioregionaldigital.com.br\/index.php?rest_route=\/wp\/v2\/users\/96"}],"replies":[{"embeddable":true,"href":"https:\/\/diarioregionaldigital.com.br\/index.php?rest_route=%2Fwp%2Fv2%2Fcomments&post=121125"}],"version-history":[{"count":0,"href":"https:\/\/diarioregionaldigital.com.br\/index.php?rest_route=\/wp\/v2\/posts\/121125\/revisions"}],"wp:featuredmedia":[{"embeddable":true,"href":"https:\/\/diarioregionaldigital.com.br\/index.php?rest_route=\/wp\/v2\/media\/109732"}],"wp:attachment":[{"href":"https:\/\/diarioregionaldigital.com.br\/index.php?rest_route=%2Fwp%2Fv2%2Fmedia&parent=121125"}],"wp:term":[{"taxonomy":"category","embeddable":true,"href":"https:\/\/diarioregionaldigital.com.br\/index.php?rest_route=%2Fwp%2Fv2%2Fcategories&post=121125"},{"taxonomy":"post_tag","embeddable":true,"href":"https:\/\/diarioregionaldigital.com.br\/index.php?rest_route=%2Fwp%2Fv2%2Ftags&post=121125"}],"curies":[{"name":"wp","href":"https:\/\/api.w.org\/{rel}","templated":true}]}}