{"id":121090,"date":"2018-09-30T06:00:41","date_gmt":"2018-09-30T09:00:41","guid":{"rendered":"https:\/\/diarioregionaldigital.com.br\/?p=121090"},"modified":"2018-09-28T15:21:03","modified_gmt":"2018-09-28T18:21:03","slug":"gastos-dos-vereadores-com-verbas-indenizatorias-ultrapassam-r800-mil-reais","status":"publish","type":"post","link":"https:\/\/diarioregionaldigital.com.br\/?p=121090","title":{"rendered":"Gastos dos vereadores com verbas indenizat\u00f3rias ultrapassam R$800 mil reais"},"content":{"rendered":"<p>At\u00e9 o momento, as despesas com verba indenizat\u00f3ria na C\u00e2mara Municipal de Juiz de Fora somaram cerca de R$832 mil. Esse valor \u00e9 referente ao primeiro semestre de 2018 (janeiro a junho), mais a soma dos dois \u00faltimos meses (julho e agosto).<\/p>\n<p>Os tr\u00eas vereadores que mais gastaram, at\u00e9 agora, s\u00e3o Wanderson Castelar (PT) somando R$60 mil, Ana Rossignoli (PMDB) \u2013 R$53 mil e Vagner de Oliveira (PSC) \u2013 R$51 mil. Entre os vereadores que menos tiveram despesas com verba indenizat\u00f3ria,est\u00e3o Jos\u00e9 Fiorilo (PTC) \u2013 cerca de R$12 mil reais, Luiz Ot\u00e1vio Coelho (Pardal \u2013 PTC) \u2013 R$33 mil e Marlon Siqueira (PMDB) \u2013 R$34 mil.<\/p>\n<p>Analisando apenas os gastos do primeiro semestre de 2018, as despesas com verba indenizat\u00f3ria na C\u00e2mara Municipal resultaram em cerca de R$630 mil. Junto a estes gastos, ainda foram somados outros R$31 mil, referentes ao consumo com telefone, totalizando cerca de R$660 mil. No primeiro semestre, Wanderson Castelar (PT), Roberto Cupolillo (Bet\u00e3o \u2013 PT) e Ana Rossignoli (MDB) foram os que mais gastaram. Em contrapartida, Jos\u00e9 Fiorilo (PTC), Marlon Siqueira (PMDB) e Luiz Ot\u00e1vio Coelho (Pardal \u2013 PTC), respectivamente, foram os que somaram menos gastos.Consultoria T\u00e9cnica, Loca\u00e7\u00e3o de ve\u00edculo e Combust\u00edveis e Lubrificantes foram os itens com maior despesa no per\u00edodo analisado.<\/p>\n<p>Apesar das altas despesas, analisando os valores apresentados durante o lan\u00e7amento do 37\u00ba informativo semestral do Comit\u00ea de Cidadania \u2013 Comiss\u00e3o Arquidiocesana Justi\u00e7a e Paz\/JF, os vereadores se mantiveram abaixo do teto indicado para cada legislador. Em Juiz de Fora, o valor individual para verba indenizat\u00f3ria \u00e9 de R$8 mil, o que corresponde a R$48 mil por semestre.<\/p>\n<p>Em 2017, os 19 vereadores gastaram mais de R$1,2 milh\u00e3o. Entre os itens com maiores gastos, os tr\u00eas primeiros da lista s\u00e3o: consultoria t\u00e9cnica, loca\u00e7\u00e3o de ve\u00edculo, combust\u00edveis e lubrificantes.<\/p>\n<p>A seguir voc\u00ea confere a tabela com os gastos individuais dos vereadores. Os resultados foram obtidos atrav\u00e9s da soma dos valores divulgados do primeiro semestre (Jan-Jun) junto aos dois \u00faltimos meses (Jul-Ago).<\/p>\n<table style=\"height: 32px; width: 611.4px;\">\n<tbody>\n<tr>\n<td style=\"width: 608px;\"><span style=\"font-size: 18pt;\"><strong>GASTOS INDIVIDUAIS \u2013 VERBA INDENIZAT\u00d3RIA<\/strong><\/span><\/p>\n<table style=\"height: 284px; width: 604px;\">\n<tbody>\n<tr>\n<td style=\"width: 310px; text-align: left;\"><span style=\"font-size: 14pt;\">NOME<\/span><\/td>\n<td style=\"width: 287px; text-align: right;\"><span style=\"font-size: 14pt;\">VALOR<\/span><\/td>\n<\/tr>\n<tr>\n<td style=\"width: 310px;\">Wanderson Castelar (PT)<\/td>\n<td style=\"width: 287px; text-align: right;\">R$60.175,20<\/td>\n<\/tr>\n<tr>\n<td style=\"width: 310px;\">Ana Rossignoli (PMDB)<\/td>\n<td style=\"width: 287px; text-align: right;\">R$53.190,13<\/td>\n<\/tr>\n<tr>\n<td style=\"width: 310px;\">Vagner de Oliveira (PSC)<\/td>\n<td style=\"width: 287px; text-align: right;\">R$51.562,50<\/td>\n<\/tr>\n<tr>\n<td style=\"width: 310px;\">Jo\u00e3o Coteca (PR)<\/td>\n<td style=\"width: 287px; text-align: right;\">R$51.256,54<\/td>\n<\/tr>\n<tr>\n<td style=\"width: 310px;\">J\u00falio Obama Jr. (PHS)<\/td>\n<td style=\"width: 287px; text-align: right;\">R$50.937,93<\/td>\n<\/tr>\n<tr>\n<td style=\"width: 310px;\">Charles Evangelista (PP)<\/td>\n<td style=\"width: 287px; text-align: right;\">R$49.867,77<\/td>\n<\/tr>\n<tr>\n<td style=\"width: 310px;\">Roberto Cupolillo (Bet\u00e3o-PT)<\/td>\n<td style=\"width: 287px; text-align: right;\">R$49.839,62<\/td>\n<\/tr>\n<tr>\n<td style=\"width: 310px;\">Jos\u00e9 M\u00e1rcio Guedes (PV)<\/td>\n<td style=\"width: 287px; text-align: right;\">R$48.269,66<\/td>\n<\/tr>\n<tr>\n<td style=\"width: 310px;\">Sheila Oliveira (Delegada Sheila-PSL)<\/td>\n<td style=\"width: 287px; text-align: right;\">R$48.100,82<\/td>\n<\/tr>\n<tr>\n<td style=\"width: 310px;\">Jo\u00e3o Kennedy Ribeiro (MDB)<\/td>\n<td style=\"width: 287px; text-align: right;\">R$47.500,88<\/td>\n<\/tr>\n<tr>\n<td style=\"width: 310px;\">Antonio Aguiar (PMDB)<\/td>\n<td style=\"width: 287px; text-align: right;\">R$45.163,07<\/td>\n<\/tr>\n<tr>\n<td style=\"width: 310px;\">Aparecido Reis (Cido-PSB)<\/td>\n<td style=\"width: 287px; text-align: right;\">R$44.184,10<\/td>\n<\/tr>\n<tr>\n<td style=\"width: 310px;\">Andr\u00e9 Mariano (PSC)<\/td>\n<td style=\"width: 287px; text-align: right;\">R$40.017,32<\/td>\n<\/tr>\n<tr>\n<td style=\"width: 310px;\">Adriano Miranda (PHS)<\/td>\n<td style=\"width: 287px; text-align: right;\">R$37.835,74<\/td>\n<\/tr>\n<tr>\n<td style=\"width: 310px;\">Carlos Alberto Mello (Casal-PTB)<\/td>\n<td style=\"width: 287px; text-align: right;\">R$37.303,83<\/td>\n<\/tr>\n<tr>\n<td style=\"width: 310px;\">Rodrigo Mattos (PHS)<\/td>\n<td style=\"width: 287px; text-align: right;\">R$36.188,94<\/td>\n<\/tr>\n<tr>\n<td style=\"width: 310px;\">Marlon Siqueira (PMDB)<\/td>\n<td style=\"width: 287px; text-align: right;\">R$34.844,37<\/td>\n<\/tr>\n<tr>\n<td style=\"width: 310px;\">Luiz Ot\u00e1vio Coelho (Pardal-PTC)<\/td>\n<td style=\"width: 287px; text-align: right;\">R$33.391,60<\/td>\n<\/tr>\n<tr>\n<td style=\"width: 310px;\">Jos\u00e9 Fiorilo (PTC)<\/td>\n<td style=\"width: 287px; text-align: right;\">R$11.871,13<\/td>\n<\/tr>\n<\/tbody>\n<\/table>\n<\/td>\n<\/tr>\n<\/tbody>\n<\/table>\n<p>A equipe do Di\u00e1rio Regional entrou em contato com as assessorias dos vereadores e apenas o vereador Vagner de Oliveira (PSC) respondeu com uma nota:<\/p>\n<p>\u201cNo que tange aos gastos realizados pelo Gabinete do vereador Vagner de Oliveira, ano\/refer\u00eancia 2018, os mesmos foram realizados dentro do limite legal, conforme legisla\u00e7\u00e3o pertinente. Deve ser ressaltado que no site da C\u00e2mara dos Vereadores, em campo pr\u00f3prio, consta a rela\u00e7\u00e3o mensal de todas as despesas de cada gabinete, as quais foram devidamente aprovadas pela casa legislativa.\u201d<\/p>\n<p>At\u00e9 o fechamento desta mat\u00e9ria as equipes de Wanderson Castelar (PT) e Ana Rossignoli (PMDB) n\u00e3o retornaram o contato.<\/p>\n","protected":false},"excerpt":{"rendered":"<p>At\u00e9 o momento, as despesas com verba indenizat\u00f3ria na C\u00e2mara Municipal de Juiz de Fora somaram cerca de R$832 mil. Esse valor \u00e9 referente ao primeiro semestre de 2018 (janeiro a junho), mais a soma dos dois \u00faltimos meses (julho e agosto). Os tr\u00eas vereadores que mais gastaram, at\u00e9 agora, s\u00e3o Wanderson Castelar (PT) somando [&hellip;]<\/p>\n","protected":false},"author":96,"featured_media":121091,"comment_status":"closed","ping_status":"closed","sticky":false,"template":"","format":"standard","meta":{"footnotes":""},"categories":[253,436,440,439],"tags":[],"class_list":["post-121090","post","type-post","status-publish","format-standard","has-post-thumbnail","hentry","category-cidade","category-destaque-da-semana","category-destaques-do-dia","category-ultima-hora"],"_links":{"self":[{"href":"https:\/\/diarioregionaldigital.com.br\/index.php?rest_route=\/wp\/v2\/posts\/121090","targetHints":{"allow":["GET"]}}],"collection":[{"href":"https:\/\/diarioregionaldigital.com.br\/index.php?rest_route=\/wp\/v2\/posts"}],"about":[{"href":"https:\/\/diarioregionaldigital.com.br\/index.php?rest_route=\/wp\/v2\/types\/post"}],"author":[{"embeddable":true,"href":"https:\/\/diarioregionaldigital.com.br\/index.php?rest_route=\/wp\/v2\/users\/96"}],"replies":[{"embeddable":true,"href":"https:\/\/diarioregionaldigital.com.br\/index.php?rest_route=%2Fwp%2Fv2%2Fcomments&post=121090"}],"version-history":[{"count":0,"href":"https:\/\/diarioregionaldigital.com.br\/index.php?rest_route=\/wp\/v2\/posts\/121090\/revisions"}],"wp:featuredmedia":[{"embeddable":true,"href":"https:\/\/diarioregionaldigital.com.br\/index.php?rest_route=\/wp\/v2\/media\/121091"}],"wp:attachment":[{"href":"https:\/\/diarioregionaldigital.com.br\/index.php?rest_route=%2Fwp%2Fv2%2Fmedia&parent=121090"}],"wp:term":[{"taxonomy":"category","embeddable":true,"href":"https:\/\/diarioregionaldigital.com.br\/index.php?rest_route=%2Fwp%2Fv2%2Fcategories&post=121090"},{"taxonomy":"post_tag","embeddable":true,"href":"https:\/\/diarioregionaldigital.com.br\/index.php?rest_route=%2Fwp%2Fv2%2Ftags&post=121090"}],"curies":[{"name":"wp","href":"https:\/\/api.w.org\/{rel}","templated":true}]}}