{"id":120966,"date":"2018-09-27T12:15:51","date_gmt":"2018-09-27T15:15:51","guid":{"rendered":"https:\/\/diarioregionaldigital.com.br\/?p=120966"},"modified":"2018-09-27T19:31:06","modified_gmt":"2018-09-27T22:31:06","slug":"policial-militar-que-matou-ex-esposa-em-santos-dumont-e-ouvido","status":"publish","type":"post","link":"https:\/\/diarioregionaldigital.com.br\/?p=120966","title":{"rendered":"Policial militar que matou ex-esposa em Santos Dumont \u00e9 ouvido"},"content":{"rendered":"<p>Gilberto Ferreira Novaes, 35 anos, policial militar acusado de matar a ex-esposa dentro de sua pr\u00f3pria casa no munic\u00edpio de Santos Dumont, participou de audi\u00eancia de instru\u00e7\u00e3o no f\u00f3rum da cidade, na tarde dessa quarta-feira, 26.<\/p>\n<p>A audi\u00eancia foi presidida pelo juiz Marcelo Alexandre do Valle Thomaz. Treze testemunhas foram ouvidas, al\u00e9m do r\u00e9u interrogado.\u00a0O soldado da Pol\u00edcia Militar foi indiciado pela Pol\u00edcia Civil e denunciado pelo Minist\u00e9rio P\u00fablico (MP) pela morte de Sthefania Parenti Ferreira Novaes, 29.<\/p>\n<p>O crime aconteceu no dia 14 de abril. Segundo as informa\u00e7\u00f5es, Gilberto foi at\u00e9 a casa da ex-companheira, localizada no bairro C\u00f3rrego do Ouro, em Santos Dumont, e cometeu o crime por n\u00e3o aceitar o t\u00e9rmino do relacionamento. Na noite do crime, Gilberto teria aproveitado a chegada de um motoboy na resid\u00eancia da ex-companheira para entrar no local, onde momento depois efetuou os disparos contra a v\u00edtima, que sofreu tr\u00eas perfura\u00e7\u00f5es no t\u00f3rax e abd\u00f4mem. Na sequ\u00eancia, fugiu de carro com a filha para a cidade de Belo Horizonte. A garota foi\u00a0resgatada por policiais militares cinco dias depois do crime. Ela estava com o pai, no Centro da capital mineira, onde Gilberto tentava adquirir documentos falsos. Ele foi preso pr\u00f3ximo a um shopping popular, e a crian\u00e7a ficou sob tutela da PM at\u00e9 a chegada de familiares. A menina retornou para casa, na cidade onde morava com a m\u00e3e,\u00a0na madrugada do dia 20 de abril.<\/p>\n<p>De acordo com o TJMG, a senten\u00e7a de pron\u00fancia n\u00e3o foi divulgada na quarta-feira por existir a necessidade de alega\u00e7\u00f5es finais por parte do promotor respons\u00e1vel pelo caso, Fl\u00e1vio Barra Rocha e tamb\u00e9m da defesa do r\u00e9u.<\/p>\n","protected":false},"excerpt":{"rendered":"<p>Gilberto Ferreira Novaes, 35 anos, policial militar acusado de matar a ex-esposa dentro de sua pr\u00f3pria casa no munic\u00edpio de Santos Dumont, participou de audi\u00eancia de instru\u00e7\u00e3o no f\u00f3rum da cidade, na tarde dessa quarta-feira, 26. A audi\u00eancia foi presidida pelo juiz Marcelo Alexandre do Valle Thomaz. Treze testemunhas foram ouvidas, al\u00e9m do r\u00e9u interrogado.\u00a0O [&hellip;]<\/p>\n","protected":false},"author":96,"featured_media":120968,"comment_status":"closed","ping_status":"closed","sticky":false,"template":"","format":"standard","meta":{"footnotes":""},"categories":[436,440,252,439],"tags":[],"class_list":["post-120966","post","type-post","status-publish","format-standard","has-post-thumbnail","hentry","category-destaque-da-semana","category-destaques-do-dia","category-regiao","category-ultima-hora"],"_links":{"self":[{"href":"https:\/\/diarioregionaldigital.com.br\/index.php?rest_route=\/wp\/v2\/posts\/120966","targetHints":{"allow":["GET"]}}],"collection":[{"href":"https:\/\/diarioregionaldigital.com.br\/index.php?rest_route=\/wp\/v2\/posts"}],"about":[{"href":"https:\/\/diarioregionaldigital.com.br\/index.php?rest_route=\/wp\/v2\/types\/post"}],"author":[{"embeddable":true,"href":"https:\/\/diarioregionaldigital.com.br\/index.php?rest_route=\/wp\/v2\/users\/96"}],"replies":[{"embeddable":true,"href":"https:\/\/diarioregionaldigital.com.br\/index.php?rest_route=%2Fwp%2Fv2%2Fcomments&post=120966"}],"version-history":[{"count":0,"href":"https:\/\/diarioregionaldigital.com.br\/index.php?rest_route=\/wp\/v2\/posts\/120966\/revisions"}],"wp:featuredmedia":[{"embeddable":true,"href":"https:\/\/diarioregionaldigital.com.br\/index.php?rest_route=\/wp\/v2\/media\/120968"}],"wp:attachment":[{"href":"https:\/\/diarioregionaldigital.com.br\/index.php?rest_route=%2Fwp%2Fv2%2Fmedia&parent=120966"}],"wp:term":[{"taxonomy":"category","embeddable":true,"href":"https:\/\/diarioregionaldigital.com.br\/index.php?rest_route=%2Fwp%2Fv2%2Fcategories&post=120966"},{"taxonomy":"post_tag","embeddable":true,"href":"https:\/\/diarioregionaldigital.com.br\/index.php?rest_route=%2Fwp%2Fv2%2Ftags&post=120966"}],"curies":[{"name":"wp","href":"https:\/\/api.w.org\/{rel}","templated":true}]}}