{"id":120930,"date":"2018-09-27T15:15:49","date_gmt":"2018-09-27T18:15:49","guid":{"rendered":"https:\/\/diarioregionaldigital.com.br\/?p=120930"},"modified":"2018-09-27T15:15:49","modified_gmt":"2018-09-27T18:15:49","slug":"feira-e-daqui-celebra-um-ano-com-diversas-atracoes-nesta-sexta-feira-28","status":"publish","type":"post","link":"https:\/\/diarioregionaldigital.com.br\/?p=120930","title":{"rendered":"Feira \u201c\u00c9 Daqui\u201d celebra um ano com diversas atra\u00e7\u00f5es nesta sexta-feira, 28"},"content":{"rendered":"<p>Primeira feira do pa\u00eds de alimenta\u00e7\u00e3o inclusiva e org\u00e2nica, a \u201c\u00c9 Daqui\u201d, que acontece toda sexta no Parque Halfeld, celebra seu primeiro anivers\u00e1rio com v\u00e1rias atra\u00e7\u00f5es na sexta-feira, 28, das 9 \u00e0s 14 horas. A atividade \u00e9 realizada em parceria pela Secretaria de Agropecu\u00e1ria e Abastecimento (SAA) e a Associa\u00e7\u00e3o de Inclus\u00e3o Alimentar e Bem-Estar da Zona da Mata Mineira (Bem-Te-Vida).<\/p>\n<p>O evento contar\u00e1 com atra\u00e7\u00e3o musical, sorteio de cestas com produtos t\u00edpicos da feira e lan\u00e7amento do livro \u201cPanifica\u00e7\u00e3o \u2013 Sem gl\u00faten, sem leite, sem segredos\u201d, da escritora, consultora e desenvolvedora especializada em alimentos sem gl\u00faten e leite, Elizabeth Nicolau.<\/p>\n<p>H\u00e1 pouco mais de dez anos, Elizabeth abriu a primeira padaria sem gl\u00faten do Brasil, na capital paulista. Na \u00e9poca, as refer\u00eancias e oferta de produtos dessa linha eram poucas, por isso, ela criou um acervo com suas pr\u00f3prias receitas, ap\u00f3s v\u00e1rios experimentos. Seus produtos s\u00e3o tidos como refer\u00eancia em alimenta\u00e7\u00e3o inclusiva, n\u00e3o s\u00f3 para cel\u00edacos e intolerantes, mas para muitos que buscam produtos saud\u00e1veis e diferenciados. Neste ano, Elizabeth decidiu mudar suas atividades, compartilhando seu aprendizado nas redes sociais e no livro que ser\u00e1 lan\u00e7ado, e encerrou as atividades na loja f\u00edsica. O livro pode ser adquirido apenas em eventos como este ou via postal.<\/p>\n<p>A feira \u201c\u00c9 Daqui\u201d acontece toda sexta, das 9 \u00e0s 14 horas, no Parque Halfeld, e re\u00fane produtos sem gl\u00faten, sem l\u00e1cteos, sem a\u00e7\u00facar, sem ovo, veganos e org\u00e2nicos, para promover a\u00e7\u00f5es em prol da causa cel\u00edaca (intoler\u00e2ncia ao gl\u00faten), bem como de outras intoler\u00e2ncias.<\/p>\n<p>&nbsp;<\/p>\n<p>Fonte: Assessoria<\/p>\n","protected":false},"excerpt":{"rendered":"<p>Primeira feira do pa\u00eds de alimenta\u00e7\u00e3o inclusiva e org\u00e2nica, a \u201c\u00c9 Daqui\u201d, que acontece toda sexta no Parque Halfeld, celebra seu primeiro anivers\u00e1rio com v\u00e1rias atra\u00e7\u00f5es na sexta-feira, 28, das 9 \u00e0s 14 horas. A atividade \u00e9 realizada em parceria pela Secretaria de Agropecu\u00e1ria e Abastecimento (SAA) e a Associa\u00e7\u00e3o de Inclus\u00e3o Alimentar e Bem-Estar [&hellip;]<\/p>\n","protected":false},"author":96,"featured_media":120931,"comment_status":"closed","ping_status":"closed","sticky":false,"template":"","format":"standard","meta":{"footnotes":""},"categories":[253,439],"tags":[],"class_list":["post-120930","post","type-post","status-publish","format-standard","has-post-thumbnail","hentry","category-cidade","category-ultima-hora"],"_links":{"self":[{"href":"https:\/\/diarioregionaldigital.com.br\/index.php?rest_route=\/wp\/v2\/posts\/120930","targetHints":{"allow":["GET"]}}],"collection":[{"href":"https:\/\/diarioregionaldigital.com.br\/index.php?rest_route=\/wp\/v2\/posts"}],"about":[{"href":"https:\/\/diarioregionaldigital.com.br\/index.php?rest_route=\/wp\/v2\/types\/post"}],"author":[{"embeddable":true,"href":"https:\/\/diarioregionaldigital.com.br\/index.php?rest_route=\/wp\/v2\/users\/96"}],"replies":[{"embeddable":true,"href":"https:\/\/diarioregionaldigital.com.br\/index.php?rest_route=%2Fwp%2Fv2%2Fcomments&post=120930"}],"version-history":[{"count":0,"href":"https:\/\/diarioregionaldigital.com.br\/index.php?rest_route=\/wp\/v2\/posts\/120930\/revisions"}],"wp:featuredmedia":[{"embeddable":true,"href":"https:\/\/diarioregionaldigital.com.br\/index.php?rest_route=\/wp\/v2\/media\/120931"}],"wp:attachment":[{"href":"https:\/\/diarioregionaldigital.com.br\/index.php?rest_route=%2Fwp%2Fv2%2Fmedia&parent=120930"}],"wp:term":[{"taxonomy":"category","embeddable":true,"href":"https:\/\/diarioregionaldigital.com.br\/index.php?rest_route=%2Fwp%2Fv2%2Fcategories&post=120930"},{"taxonomy":"post_tag","embeddable":true,"href":"https:\/\/diarioregionaldigital.com.br\/index.php?rest_route=%2Fwp%2Fv2%2Ftags&post=120930"}],"curies":[{"name":"wp","href":"https:\/\/api.w.org\/{rel}","templated":true}]}}