{"id":120920,"date":"2018-09-27T14:14:06","date_gmt":"2018-09-27T17:14:06","guid":{"rendered":"https:\/\/diarioregionaldigital.com.br\/?p=120920"},"modified":"2018-09-27T14:14:06","modified_gmt":"2018-09-27T17:14:06","slug":"governo-libera-r1-bilhao-para-projeto-de-inovacao-em-municipios","status":"publish","type":"post","link":"https:\/\/diarioregionaldigital.com.br\/?p=120920","title":{"rendered":"Governo libera R$1 bilh\u00e3o para projeto de inova\u00e7\u00e3o em munic\u00edpios"},"content":{"rendered":"<p>O governo federal disponibilizar\u00e1 R$ 1 bilh\u00e3o para o financiamento de projetos de inova\u00e7\u00e3o visando ao desenvolvimento das cidades brasileiras. O an\u00fancio de lan\u00e7amento do programa Cidades Inovadoras foi feito nessa quinta-feira, 27, pelo presidente Michel Temer.<\/p>\n<p>\u201cHoje, damos mais um passo que coloca o Brasil no s\u00e9culo 21: lan\u00e7amos o Cidades Inovadoras. S\u00e3o R$1 bilh\u00e3o, nos pr\u00f3ximos dois anos, para projetos que transformar\u00e3o nossas cidades. \u00c9 uma conquista para a ci\u00eancia brasileira\u201d, disse o presidente na cerim\u00f4nia de lan\u00e7amento do programa, no Pal\u00e1cio do Planalto.<\/p>\n<p>De acordo com o Minist\u00e9rio da Ci\u00eancia, Tecnologia, Inova\u00e7\u00e3o e Comunica\u00e7\u00f5es, o programa tem o objetivo de descentralizar, por meio de parceria com agentes financeiros credenciados \u2013 bancos de desenvolvimento, ag\u00eancias de fomento e outras institui\u00e7\u00f5es financeiras \u2013, os financiamentos de atividades de inova\u00e7\u00e3o e, dessa forma, expandir a atua\u00e7\u00e3o da Financiadora de Inova\u00e7\u00e3o e Pesquisa (Finep) no pa\u00eds.<\/p>\n<p>Quatro setores receber\u00e3o apoio de forma priorit\u00e1ria: saneamento e recursos h\u00eddricos (tratamento, compostagem, aproveitamento de \u00e1gua de chuva); mobilidade urbana (sistemas de transporte e circula\u00e7\u00e3o visando \u00e0 efici\u00eancia e redu\u00e7\u00e3o de emiss\u00f5es); efici\u00eancia energ\u00e9tica; e energias renov\u00e1veis (tecnologias e sistemas para energias fotovoltaica, e\u00f3lica e de biomassa).<\/p>\n<p>O foco do programa ser\u00e3o os bancos de desenvolvimento, ag\u00eancias de fomento e outras institui\u00e7\u00f5es financeiras, que repassar\u00e3o recursos a prefeituras, governos estaduais e empresas de economia mista ou empresas privadas interessadas em desenvolver projetos de inova\u00e7\u00e3o que beneficiem suas \u00e1reas de influ\u00eancia local\/regional.<\/p>\n<p>O presidente substituto da Financiadora de Inova\u00e7\u00e3o e Pesquisa (Finep), Ronaldo Camargo, durante cerim\u00f4nia de lan\u00e7amento do programa Cidades Inovadoras, no Pal\u00e1cio do Planalto.<\/p>\n<p>O presidente da Finep, Ronaldo Camargo, explicou que o financiamento de infraestruturas em geral \u00e9 feito por meio do Banco Nacional de Desenvolvimento Econ\u00f4mico e Social (BNDES) e que \u00e0 Finep cabe financiar projetos que tragam inova\u00e7\u00e3o a essas infraestruturas e aos servi\u00e7os fornecidos por ela.<\/p>\n<p>\u201cO que a Finep faz \u00e9 inova\u00e7\u00e3o\u201d, disse ele. \u201cPor exemplo, h\u00e1 um projeto no Par\u00e1 que busca controlar a perda de \u00e1gua. Com uma tecnologia inovadora ser\u00e1 poss\u00edvel reduzir em 50% a \u00e1gua perdida. \u00c9 esse tipo de projeto que a Finep tem condi\u00e7\u00f5es de financiar\u201d, acrescentou<\/p>\n<p>Os recursos a serem usados pelo Cidades Inovadoras ser\u00e3o disponibilizados a agentes financeiros. Em conjunto com a Finep e as prefeituras, esses agentes analisam os projetos, tendo como crit\u00e9rio a inova\u00e7\u00e3o. &#8220;\u201cS\u00e3o recursos grandes [volumosos], com baixo custo e car\u00eancia de 2 a 5 anos, para serem pagos em um prazo que vai de 8 a 10 anos. O importante \u00e9 que esse dinheiro estar\u00e1 dispon\u00edvel j\u00e1 no in\u00edcio da opera\u00e7\u00e3o\u201d, detalhou Camargo.<\/p>\n<p>Ele disse que financiamentos desse tipo levavam at\u00e9 mais de 300 dias para ser aprovados. \u201cAgora durar\u00e1 entre 90 e 120 dias\u201d, informou. A perspectiva da Finep \u00e9 de que, no primeiro ano, sejam apresentados, para an\u00e1lise, entre 200 e 300 projetos.<\/p>\n<p>&nbsp;<\/p>\n<p>Fonte: Ag\u00eancia Brasil<\/p>\n","protected":false},"excerpt":{"rendered":"<p>O governo federal disponibilizar\u00e1 R$ 1 bilh\u00e3o para o financiamento de projetos de inova\u00e7\u00e3o visando ao desenvolvimento das cidades brasileiras. O an\u00fancio de lan\u00e7amento do programa Cidades Inovadoras foi feito nessa quinta-feira, 27, pelo presidente Michel Temer. \u201cHoje, damos mais um passo que coloca o Brasil no s\u00e9culo 21: lan\u00e7amos o Cidades Inovadoras. S\u00e3o R$1 [&hellip;]<\/p>\n","protected":false},"author":96,"featured_media":120921,"comment_status":"closed","ping_status":"closed","sticky":false,"template":"","format":"standard","meta":{"footnotes":""},"categories":[436,261,439],"tags":[],"class_list":["post-120920","post","type-post","status-publish","format-standard","has-post-thumbnail","hentry","category-destaque-da-semana","category-economia","category-ultima-hora"],"_links":{"self":[{"href":"https:\/\/diarioregionaldigital.com.br\/index.php?rest_route=\/wp\/v2\/posts\/120920","targetHints":{"allow":["GET"]}}],"collection":[{"href":"https:\/\/diarioregionaldigital.com.br\/index.php?rest_route=\/wp\/v2\/posts"}],"about":[{"href":"https:\/\/diarioregionaldigital.com.br\/index.php?rest_route=\/wp\/v2\/types\/post"}],"author":[{"embeddable":true,"href":"https:\/\/diarioregionaldigital.com.br\/index.php?rest_route=\/wp\/v2\/users\/96"}],"replies":[{"embeddable":true,"href":"https:\/\/diarioregionaldigital.com.br\/index.php?rest_route=%2Fwp%2Fv2%2Fcomments&post=120920"}],"version-history":[{"count":0,"href":"https:\/\/diarioregionaldigital.com.br\/index.php?rest_route=\/wp\/v2\/posts\/120920\/revisions"}],"wp:featuredmedia":[{"embeddable":true,"href":"https:\/\/diarioregionaldigital.com.br\/index.php?rest_route=\/wp\/v2\/media\/120921"}],"wp:attachment":[{"href":"https:\/\/diarioregionaldigital.com.br\/index.php?rest_route=%2Fwp%2Fv2%2Fmedia&parent=120920"}],"wp:term":[{"taxonomy":"category","embeddable":true,"href":"https:\/\/diarioregionaldigital.com.br\/index.php?rest_route=%2Fwp%2Fv2%2Fcategories&post=120920"},{"taxonomy":"post_tag","embeddable":true,"href":"https:\/\/diarioregionaldigital.com.br\/index.php?rest_route=%2Fwp%2Fv2%2Ftags&post=120920"}],"curies":[{"name":"wp","href":"https:\/\/api.w.org\/{rel}","templated":true}]}}