{"id":120917,"date":"2018-09-27T14:00:50","date_gmt":"2018-09-27T17:00:50","guid":{"rendered":"https:\/\/diarioregionaldigital.com.br\/?p=120917"},"modified":"2018-09-27T14:00:50","modified_gmt":"2018-09-27T17:00:50","slug":"departamento-de-vigilancia-sanitaria-dvisa-visita-mais-de-dois-mil-estabelecimentos-na-regiao-central","status":"publish","type":"post","link":"https:\/\/diarioregionaldigital.com.br\/?p=120917","title":{"rendered":"Departamento de Vigil\u00e2ncia Sanit\u00e1ria (Dvisa) visita mais de dois mil estabelecimentos na regi\u00e3o central"},"content":{"rendered":"<p>A for\u00e7a-tarefa do Departamento de Vigil\u00e2ncia Sanit\u00e1ria (Dvisa) da Secretaria de Sa\u00fade (SS) entra na quarta semana de trabalho com mais de dois mil estabelecimentos visitados na regi\u00e3o central de Juiz de Fora. Est\u00e3o passando por inspe\u00e7\u00e3o todos os estabelecimentos sujeitos ao controle sanit\u00e1rio, como restaurantes, padarias, lanchonetes, servi\u00e7os de sa\u00fade de toda natureza, escolas, farm\u00e1cias, entre outros.<\/p>\n<p>De acordo com a gerente do Dvisa, V\u00e2nia Vieira, desde que a for\u00e7a-tarefa teve in\u00edcio, em 1\u00ba de setembro, 2.064 estabelecimentos foram visitados, e 586 intima\u00e7\u00f5es foram preenchidas, a maioria por irregularidade no alvar\u00e1 sanit\u00e1rio ou falta do documento. Ele explica que os estabelecimentos notificados t\u00eam 15 dias \u00fateis para regularizar a situa\u00e7\u00e3o.<\/p>\n<p>A partir das pr\u00f3ximas semanas, uma nova inspe\u00e7\u00e3o ser\u00e1 feita nestes mais de 500 estabelecimentos, e aqueles que n\u00e3o estiverem em dia poder\u00e3o ser multados e at\u00e9 mesmo ser interditados, dependendo da situa\u00e7\u00e3o. \u201cPedimos que todos se ad\u00e9quem para evitar transtornos. Aqueles que ainda n\u00e3o foram fiscalizados e que estiverem irregulares tamb\u00e9m devem providenciar a adequa\u00e7\u00e3o\u201d, alerta.<\/p>\n<p>Os 15 t\u00e9cnicos da Dvisa trabalham na regi\u00e3o central, compreendida entre as avenidas Get\u00falio Vargas, Itamar Franco e Rio Branco. Outras \u00e1reas da cidade dever\u00e3o receber a for\u00e7a-tarefa nos pr\u00f3ximos meses.<\/p>\n<p>&nbsp;<\/p>\n<p>Fonte Assessoria PJF<\/p>\n","protected":false},"excerpt":{"rendered":"<p>A for\u00e7a-tarefa do Departamento de Vigil\u00e2ncia Sanit\u00e1ria (Dvisa) da Secretaria de Sa\u00fade (SS) entra na quarta semana de trabalho com mais de dois mil estabelecimentos visitados na regi\u00e3o central de Juiz de Fora. Est\u00e3o passando por inspe\u00e7\u00e3o todos os estabelecimentos sujeitos ao controle sanit\u00e1rio, como restaurantes, padarias, lanchonetes, servi\u00e7os de sa\u00fade de toda natureza, escolas, [&hellip;]<\/p>\n","protected":false},"author":96,"featured_media":120918,"comment_status":"closed","ping_status":"closed","sticky":false,"template":"","format":"standard","meta":{"footnotes":""},"categories":[253,440,439],"tags":[],"class_list":["post-120917","post","type-post","status-publish","format-standard","has-post-thumbnail","hentry","category-cidade","category-destaques-do-dia","category-ultima-hora"],"_links":{"self":[{"href":"https:\/\/diarioregionaldigital.com.br\/index.php?rest_route=\/wp\/v2\/posts\/120917","targetHints":{"allow":["GET"]}}],"collection":[{"href":"https:\/\/diarioregionaldigital.com.br\/index.php?rest_route=\/wp\/v2\/posts"}],"about":[{"href":"https:\/\/diarioregionaldigital.com.br\/index.php?rest_route=\/wp\/v2\/types\/post"}],"author":[{"embeddable":true,"href":"https:\/\/diarioregionaldigital.com.br\/index.php?rest_route=\/wp\/v2\/users\/96"}],"replies":[{"embeddable":true,"href":"https:\/\/diarioregionaldigital.com.br\/index.php?rest_route=%2Fwp%2Fv2%2Fcomments&post=120917"}],"version-history":[{"count":0,"href":"https:\/\/diarioregionaldigital.com.br\/index.php?rest_route=\/wp\/v2\/posts\/120917\/revisions"}],"wp:featuredmedia":[{"embeddable":true,"href":"https:\/\/diarioregionaldigital.com.br\/index.php?rest_route=\/wp\/v2\/media\/120918"}],"wp:attachment":[{"href":"https:\/\/diarioregionaldigital.com.br\/index.php?rest_route=%2Fwp%2Fv2%2Fmedia&parent=120917"}],"wp:term":[{"taxonomy":"category","embeddable":true,"href":"https:\/\/diarioregionaldigital.com.br\/index.php?rest_route=%2Fwp%2Fv2%2Fcategories&post=120917"},{"taxonomy":"post_tag","embeddable":true,"href":"https:\/\/diarioregionaldigital.com.br\/index.php?rest_route=%2Fwp%2Fv2%2Ftags&post=120917"}],"curies":[{"name":"wp","href":"https:\/\/api.w.org\/{rel}","templated":true}]}}