{"id":120913,"date":"2018-09-27T13:42:11","date_gmt":"2018-09-27T16:42:11","guid":{"rendered":"https:\/\/diarioregionaldigital.com.br\/?p=120913"},"modified":"2018-09-27T13:42:11","modified_gmt":"2018-09-27T16:42:11","slug":"indice-que-reajusta-aluguel-igp-m-acelera-152-em-setembro","status":"publish","type":"post","link":"https:\/\/diarioregionaldigital.com.br\/?p=120913","title":{"rendered":"\u00cdndice que reajusta aluguel, IGP-M acelera 1,52% em setembro"},"content":{"rendered":"<p>A infla\u00e7\u00e3o que serve de refer\u00eancia para reajustar os pre\u00e7os do aluguel, medida pelo \u00cdndice Geral de Pre\u00e7os \u2013 Mercado (IGP-M), fechou o m\u00eas de setembro com varia\u00e7\u00e3o de 1,52% \u2013 mais que dobrando em rela\u00e7\u00e3o aos 0,70% relativos ao m\u00eas de agosto (alta de 0,82 ponto percentual de um m\u00eas para outro).<\/p>\n<p>Os dados foram divulgados nessa quinta-feira, 27, pelo Instituto Brasileiro de Economia da Funda\u00e7\u00e3o Get\u00falio Vargas (Ibre) e indicam que a taxa acumulada nos \u00faltimos 12 meses chegou a 10,4%, enquanto a infla\u00e7\u00e3o acumulada no ano ficou em 8,29%. Em setembro do ano passado, o \u00edndice subiu 0,47% e acumulou queda de 1,45% em 12 meses.<\/p>\n<p>A alta reflete acelera\u00e7\u00e3o de pre\u00e7os do \u00cdndice de Pre\u00e7os ao Produtor (IPA), que tem peso de 60% na composi\u00e7\u00e3o do IGP-M, e do \u00cdndice de Pre\u00e7os ao Consumidor, com peso de 30%.<\/p>\n<p><strong>Pre\u00e7os ao Produtor<\/strong><\/p>\n<p>A principal press\u00e3o inflacion\u00e1ria em setembro veio do \u00cdndice de Pre\u00e7os ao Produtor Amplo (IPA), que passou de 1,0% em agosto para 2,19% em setembro \u2013 alta de 1,19 ponto percentual.<\/p>\n<p>Na an\u00e1lise por est\u00e1gios de processamento, a taxa do grupo Bens Finais variou 1,0% em setembro, contrai infla\u00e7\u00e3o negativa de 0,12% no m\u00eas anterior. A principal contribui\u00e7\u00e3o para este resultado partiu do subgrupo combust\u00edveis para o consumo, cuja taxa de varia\u00e7\u00e3o passou de 0,02% para 8,21%, no mesmo per\u00edodo.<\/p>\n<p>O \u00edndice relativo a Bens Finais (ex), que exclui os subgrupos alimentos in natura e combust\u00edveis para o consumo, registrou alta de 0,45% em setembro, ante 0,24% de agosto; enquanto o grupo Bens Intermedi\u00e1rios avan\u00e7ou de 0,80% para 2,24% em setembro.<\/p>\n<p>Bens Intermedi\u00e1rios (ex), obtido ap\u00f3s a exclus\u00e3o do subgrupo combust\u00edveis e lubrificantes para a produ\u00e7\u00e3o, subiu 1,75% em setembro, ante 0,83% em agosto, e o grupo Mat\u00e9rias-Primas Brutas subiu 3,53% em setembro. Em agosto, o \u00edndice registrou alta de 2,61%.<\/p>\n<p><strong>IPC e INCC<\/strong><\/p>\n<p>O \u00cdndice de Pre\u00e7os ao Consumidor (IPC) fechou setembro com alta de 0,23 ponto percentual, ao passar de 0,05% para 0,28% de agosto para setembro. Cinco das oito classes de despesa componentes do \u00edndice registraram avan\u00e7o em suas taxas de varia\u00e7\u00e3o.<\/p>\n<p>A principal contribui\u00e7\u00e3o partiu do grupo Transportes, que saiu de uma defla\u00e7\u00e3o de 0,29% para uma alta de 0,59%. Tamb\u00e9m apresentaram avan\u00e7o em suas taxas de varia\u00e7\u00e3o os grupos Educa\u00e7\u00e3o, Leitura e Recrea\u00e7\u00e3o (-0,41% para 0,52%), Vestu\u00e1rio (-0,44% para 0,57%), Alimenta\u00e7\u00e3o (-0,15% para 0,01%) e Despesas Diversas (0,41% para 0,46%).<\/p>\n<p>J\u00e1 o \u00cdndice Nacional de Custo da Constru\u00e7\u00e3o (INCC) subiu 0,17% em setembro, contra 0,30% em agosto. O \u00edndice relativo a Materiais, Equipamentos e Servi\u00e7os ficou em 0,38%. No m\u00eas anterior, a taxa havia sido de 0,65%. O \u00edndice que representa o custo da m\u00e3o de obra n\u00e3o registrou varia\u00e7\u00e3o pelo segundo m\u00eas consecutivo.<\/p>\n<p>&nbsp;<\/p>\n<p>Fonte: Ag\u00eancia Brasil<\/p>\n","protected":false},"excerpt":{"rendered":"<p>A infla\u00e7\u00e3o que serve de refer\u00eancia para reajustar os pre\u00e7os do aluguel, medida pelo \u00cdndice Geral de Pre\u00e7os \u2013 Mercado (IGP-M), fechou o m\u00eas de setembro com varia\u00e7\u00e3o de 1,52% \u2013 mais que dobrando em rela\u00e7\u00e3o aos 0,70% relativos ao m\u00eas de agosto (alta de 0,82 ponto percentual de um m\u00eas para outro). Os dados [&hellip;]<\/p>\n","protected":false},"author":96,"featured_media":120915,"comment_status":"closed","ping_status":"closed","sticky":false,"template":"","format":"standard","meta":{"footnotes":""},"categories":[436,261,439],"tags":[],"class_list":["post-120913","post","type-post","status-publish","format-standard","has-post-thumbnail","hentry","category-destaque-da-semana","category-economia","category-ultima-hora"],"_links":{"self":[{"href":"https:\/\/diarioregionaldigital.com.br\/index.php?rest_route=\/wp\/v2\/posts\/120913","targetHints":{"allow":["GET"]}}],"collection":[{"href":"https:\/\/diarioregionaldigital.com.br\/index.php?rest_route=\/wp\/v2\/posts"}],"about":[{"href":"https:\/\/diarioregionaldigital.com.br\/index.php?rest_route=\/wp\/v2\/types\/post"}],"author":[{"embeddable":true,"href":"https:\/\/diarioregionaldigital.com.br\/index.php?rest_route=\/wp\/v2\/users\/96"}],"replies":[{"embeddable":true,"href":"https:\/\/diarioregionaldigital.com.br\/index.php?rest_route=%2Fwp%2Fv2%2Fcomments&post=120913"}],"version-history":[{"count":0,"href":"https:\/\/diarioregionaldigital.com.br\/index.php?rest_route=\/wp\/v2\/posts\/120913\/revisions"}],"wp:featuredmedia":[{"embeddable":true,"href":"https:\/\/diarioregionaldigital.com.br\/index.php?rest_route=\/wp\/v2\/media\/120915"}],"wp:attachment":[{"href":"https:\/\/diarioregionaldigital.com.br\/index.php?rest_route=%2Fwp%2Fv2%2Fmedia&parent=120913"}],"wp:term":[{"taxonomy":"category","embeddable":true,"href":"https:\/\/diarioregionaldigital.com.br\/index.php?rest_route=%2Fwp%2Fv2%2Fcategories&post=120913"},{"taxonomy":"post_tag","embeddable":true,"href":"https:\/\/diarioregionaldigital.com.br\/index.php?rest_route=%2Fwp%2Fv2%2Ftags&post=120913"}],"curies":[{"name":"wp","href":"https:\/\/api.w.org\/{rel}","templated":true}]}}