{"id":120908,"date":"2018-09-27T12:53:16","date_gmt":"2018-09-27T15:53:16","guid":{"rendered":"https:\/\/diarioregionaldigital.com.br\/?p=120908"},"modified":"2018-09-27T12:53:16","modified_gmt":"2018-09-27T15:53:16","slug":"forum-da-cultura-da-ufjf-reune-exposicao-de-pintura-e-grafite","status":"publish","type":"post","link":"https:\/\/diarioregionaldigital.com.br\/?p=120908","title":{"rendered":"F\u00f3rum da Cultura da UFJF re\u00fane exposi\u00e7\u00e3o de pintura e grafite"},"content":{"rendered":"<p>\u201cO preto e o branco\u201d \u00e9 a mais nova exposi\u00e7\u00e3o aberta na Galeria de Arte do Forum da Cultura, da Universidade Federal de Juiz de Fora (UFJF). A exposi\u00e7\u00e3o, de Fred Marcellos e Luiz Amorim, pode ser visitada at\u00e9 5 de outubro, de segunda a sexta-feira, das 10h \u00e0s 18h, com entrada gratuita.<\/p>\n<p>As obras de Luiz Amorim s\u00e3o pinturas, acr\u00edlica sobre tela, que a partir de um mix de cores fortes e vibrantes traz a sensa\u00e7\u00e3o de bem estar, leveza e, ao mesmo tempo, euforia e conforto. J\u00e1 Fred Marcellos apresenta desenhos preto e branco em grafite. As obras oferecem reflex\u00f5es, permitindo viajar na riqueza da liberdade de interpreta\u00e7\u00e3o.<\/p>\n<p>A inspira\u00e7\u00e3o de Luiz Amorim veio de um jogo de cores e formas abstratas, tra\u00e7os presentes nos trabalhos do artista. Sendo assim, cada pessoa que passar pela exposi\u00e7\u00e3o enxergar\u00e1 as obras de uma forma, com uma interpreta\u00e7\u00e3o \u00fanica. J\u00e1 Fred Marcellos, gostava de desenhar desde pequeno e com o passar dos anos come\u00e7ou a visitar exposi\u00e7\u00f5es de carros antigos, ent\u00e3o resolveu dedicar-se totalmente \u00e0 arte. Contudo, sua prefer\u00eancia n\u00e3o o impede de desenhar outros temas. Para os artistas, o objetivo dessa exposi\u00e7\u00e3o consiste em levar cultura, conhecimento, bem-estar e, talvez, despertar um artista que reside em cada pessoa.<\/p>\n<div id=\"attachment_40635\" class=\"wp-caption alignright\">\n<p class=\"wp-caption-text\">\n<\/div>\n<p><b>Galeria de Arte<\/b><\/p>\n<p>O espa\u00e7o nobre, localizado no segundo pavimento do Forum da Cultura, re\u00fane as diversas manifesta\u00e7\u00f5es art\u00edsticas, por meio de exposi\u00e7\u00f5es regulares de pessoas j\u00e1 \u00a0consagradas e, tamb\u00e9m, daquelas em in\u00edcio de carreira que buscam espa\u00e7o para divulga\u00e7\u00e3o de suas obras.\u00a0Atendendo \u00e0s exig\u00eancias de edital, artistas e coletivos utilizam-se da galeria para expor seus trabalhos ao p\u00fablico juiz-forano e aos turistas de outros estados e pa\u00edses que, em passagem pela cidade, visitam o casar\u00e3o hist\u00f3rico do Forum da Cultura.<\/p>\n<p>O Forum da Cultura fica localizado na Rua Santo Ant\u00f4nio 1.112, no Centro da cidade.<\/p>\n<p>&nbsp;<\/p>\n<p>Fonte: Assessoria<\/p>\n","protected":false},"excerpt":{"rendered":"<p>\u201cO preto e o branco\u201d \u00e9 a mais nova exposi\u00e7\u00e3o aberta na Galeria de Arte do Forum da Cultura, da Universidade Federal de Juiz de Fora (UFJF). A exposi\u00e7\u00e3o, de Fred Marcellos e Luiz Amorim, pode ser visitada at\u00e9 5 de outubro, de segunda a sexta-feira, das 10h \u00e0s 18h, com entrada gratuita. As obras [&hellip;]<\/p>\n","protected":false},"author":96,"featured_media":120909,"comment_status":"closed","ping_status":"closed","sticky":false,"template":"","format":"standard","meta":{"footnotes":""},"categories":[253,439],"tags":[],"class_list":["post-120908","post","type-post","status-publish","format-standard","has-post-thumbnail","hentry","category-cidade","category-ultima-hora"],"_links":{"self":[{"href":"https:\/\/diarioregionaldigital.com.br\/index.php?rest_route=\/wp\/v2\/posts\/120908","targetHints":{"allow":["GET"]}}],"collection":[{"href":"https:\/\/diarioregionaldigital.com.br\/index.php?rest_route=\/wp\/v2\/posts"}],"about":[{"href":"https:\/\/diarioregionaldigital.com.br\/index.php?rest_route=\/wp\/v2\/types\/post"}],"author":[{"embeddable":true,"href":"https:\/\/diarioregionaldigital.com.br\/index.php?rest_route=\/wp\/v2\/users\/96"}],"replies":[{"embeddable":true,"href":"https:\/\/diarioregionaldigital.com.br\/index.php?rest_route=%2Fwp%2Fv2%2Fcomments&post=120908"}],"version-history":[{"count":0,"href":"https:\/\/diarioregionaldigital.com.br\/index.php?rest_route=\/wp\/v2\/posts\/120908\/revisions"}],"wp:featuredmedia":[{"embeddable":true,"href":"https:\/\/diarioregionaldigital.com.br\/index.php?rest_route=\/wp\/v2\/media\/120909"}],"wp:attachment":[{"href":"https:\/\/diarioregionaldigital.com.br\/index.php?rest_route=%2Fwp%2Fv2%2Fmedia&parent=120908"}],"wp:term":[{"taxonomy":"category","embeddable":true,"href":"https:\/\/diarioregionaldigital.com.br\/index.php?rest_route=%2Fwp%2Fv2%2Fcategories&post=120908"},{"taxonomy":"post_tag","embeddable":true,"href":"https:\/\/diarioregionaldigital.com.br\/index.php?rest_route=%2Fwp%2Fv2%2Ftags&post=120908"}],"curies":[{"name":"wp","href":"https:\/\/api.w.org\/{rel}","templated":true}]}}