{"id":120905,"date":"2018-09-27T12:38:20","date_gmt":"2018-09-27T15:38:20","guid":{"rendered":"https:\/\/diarioregionaldigital.com.br\/?p=120905"},"modified":"2018-09-27T13:19:21","modified_gmt":"2018-09-27T16:19:21","slug":"jovem-e-encontrado-ferido-por-golpes-de-faca-em-cataguases","status":"publish","type":"post","link":"https:\/\/diarioregionaldigital.com.br\/?p=120905","title":{"rendered":"Jovem \u00e9 encontrado ferido por golpes de faca em Cataguases"},"content":{"rendered":"<p>Um rapaz, 20 anos, foi visto por um transeunte, ca\u00eddo ao ch\u00e3o, sangrando, por volta de 1 hora da madrugada desta quinta-feira, 27, na Avenida Centen\u00e1rio, Bairro Bom Pastor, em Cataguases. A equipe do Servi\u00e7o de Atendimento M\u00e9dico de Urg\u00eancia (SAMU) foi acionada e ao chegar no local encontrou o jovem consciente, mas em estado grave. Ele foi levado para o Pronto-Socorro do Hospital de Cataguases onde foi constatado que havia sido atingido por golpes de faca na barriga, t\u00f3rax, abaixo da axila e nas costas.<\/p>\n<p>A Pol\u00edcia Militar (PM) esteve no local e n\u00e3o encontrou nenhuma testemunha que tivesse visto o fato. O autor (ou autores) segue foragido e sem pistas sobre o seu paradeiro. No boletim de ocorr\u00eancia consta ainda que a v\u00edtima teria dito que o autor seria seu irm\u00e3o, que n\u00e3o estava em casa no momento em que a Pol\u00edcia esteve l\u00e1. A PM, por\u00e9m, s\u00f3 poder\u00e1 confirmar esta informa\u00e7\u00e3o ap\u00f3s ouvir os dois. O caso ser\u00e1 investigado pela Pol\u00edcia Civil atrav\u00e9s da Delegacia de Cataguases. A v\u00edtima passou por uma cirurgia de emerg\u00eancia no Hospital de Cataguases que n\u00e3o deu detalhes sobre seu quadro cl\u00ednico.<\/p>\n<p>&nbsp;<\/p>\n<p>Fonte: Marcelo Lopes<\/p>\n","protected":false},"excerpt":{"rendered":"<p>Um rapaz, 20 anos, foi visto por um transeunte, ca\u00eddo ao ch\u00e3o, sangrando, por volta de 1 hora da madrugada desta quinta-feira, 27, na Avenida Centen\u00e1rio, Bairro Bom Pastor, em Cataguases. A equipe do Servi\u00e7o de Atendimento M\u00e9dico de Urg\u00eancia (SAMU) foi acionada e ao chegar no local encontrou o jovem consciente, mas em estado [&hellip;]<\/p>\n","protected":false},"author":96,"featured_media":95105,"comment_status":"closed","ping_status":"closed","sticky":false,"template":"","format":"standard","meta":{"footnotes":""},"categories":[252,439],"tags":[],"class_list":["post-120905","post","type-post","status-publish","format-standard","has-post-thumbnail","hentry","category-regiao","category-ultima-hora"],"_links":{"self":[{"href":"https:\/\/diarioregionaldigital.com.br\/index.php?rest_route=\/wp\/v2\/posts\/120905","targetHints":{"allow":["GET"]}}],"collection":[{"href":"https:\/\/diarioregionaldigital.com.br\/index.php?rest_route=\/wp\/v2\/posts"}],"about":[{"href":"https:\/\/diarioregionaldigital.com.br\/index.php?rest_route=\/wp\/v2\/types\/post"}],"author":[{"embeddable":true,"href":"https:\/\/diarioregionaldigital.com.br\/index.php?rest_route=\/wp\/v2\/users\/96"}],"replies":[{"embeddable":true,"href":"https:\/\/diarioregionaldigital.com.br\/index.php?rest_route=%2Fwp%2Fv2%2Fcomments&post=120905"}],"version-history":[{"count":0,"href":"https:\/\/diarioregionaldigital.com.br\/index.php?rest_route=\/wp\/v2\/posts\/120905\/revisions"}],"wp:featuredmedia":[{"embeddable":true,"href":"https:\/\/diarioregionaldigital.com.br\/index.php?rest_route=\/wp\/v2\/media\/95105"}],"wp:attachment":[{"href":"https:\/\/diarioregionaldigital.com.br\/index.php?rest_route=%2Fwp%2Fv2%2Fmedia&parent=120905"}],"wp:term":[{"taxonomy":"category","embeddable":true,"href":"https:\/\/diarioregionaldigital.com.br\/index.php?rest_route=%2Fwp%2Fv2%2Fcategories&post=120905"},{"taxonomy":"post_tag","embeddable":true,"href":"https:\/\/diarioregionaldigital.com.br\/index.php?rest_route=%2Fwp%2Fv2%2Ftags&post=120905"}],"curies":[{"name":"wp","href":"https:\/\/api.w.org\/{rel}","templated":true}]}}