{"id":120902,"date":"2018-09-27T11:28:52","date_gmt":"2018-09-27T14:28:52","guid":{"rendered":"https:\/\/diarioregionaldigital.com.br\/?p=120902"},"modified":"2018-09-27T11:28:52","modified_gmt":"2018-09-27T14:28:52","slug":"corinthians-vence-o-flamengo-e-se-garante-na-decisao-da-copa-do-brasil","status":"publish","type":"post","link":"https:\/\/diarioregionaldigital.com.br\/?p=120902","title":{"rendered":"Corinthians vence o Flamengo e se garante na decis\u00e3o da Copa do Brasil"},"content":{"rendered":"<p>O Corinthians brilhou na noite desta quarta-feira, 26, \u00a0e est\u00e1 na grande decis\u00e3o da Copa do Brasil 2018! Pelo jogo de volta das semifinais, o Tim\u00e3o derrotou o Flamengo por 2 a 1 e se garantiu na final da competi\u00e7\u00e3o. Na Arena Corinthians, Danilo Avelar e Pedrinho marcaram para o Alvinegro, e Henrique, contra, fez para o Rubro-Negro.<\/p>\n<p>O jogo<\/p>\n<p>Com o empate em 0 a 0 na primeira partida, paulistas e cariocas precisavam da vit\u00f3ria para conquistar a vaga nos 90 minutos. Com o apoio da torcida, o Corinthians foi para cima logo nos primeiro instantes da partida. Aos 13 minutos, Jadson achou Danilo Avelar dentro da \u00e1rea, o lateral ficou cara a cara com Diego Alves e n\u00e3o perdoou: 1 a 0 para o Tim\u00e3o. O empate rubro-negro veio cinco minutos depois. Par\u00e1 recebeu na direita, cruzou e a bola desviou na defesa alvinegra, morrendo no fundo das redes.<\/p>\n<p>O duelo decisivo voltou do intervalo bastante movimentado, com chances para os dois lados. Mas foi uma modifica\u00e7\u00e3o aos 22 minutos que mudou a partida. Pedrinho entrou no lugar de Clayson e logo no minuto seguinte colocou o Corinthians novamente em vantagem. O meia aproveitou uma sobra na entrada da \u00e1rea, girou e bateu cruzado sem chances para o goleiro Diego Alves: 2 a 1. O Flamengo teve sua grande chance no \u00faltimo lance do jogo. Trauco lan\u00e7ou a bola na \u00e1rea e Par\u00e1, de primeira, mandou uma bomba na trave. Sem tempo para mais nada, o Tim\u00e3o avan\u00e7ou \u00e0 final da competi\u00e7\u00e3o.<\/p>\n<p>O Corinthians encara o Cruzeiro na grande decis\u00e3o da Copa do Brasil 2018. O sorteio do mando de campo da final ser\u00e1 realizado nesta quinta-feira, 27, na sede da CBF, a partir das 14h30 (de Bras\u00edlia).<\/p>\n","protected":false},"excerpt":{"rendered":"<p>O Corinthians brilhou na noite desta quarta-feira, 26, \u00a0e est\u00e1 na grande decis\u00e3o da Copa do Brasil 2018! Pelo jogo de volta das semifinais, o Tim\u00e3o derrotou o Flamengo por 2 a 1 e se garantiu na final da competi\u00e7\u00e3o. Na Arena Corinthians, Danilo Avelar e Pedrinho marcaram para o Alvinegro, e Henrique, contra, fez [&hellip;]<\/p>\n","protected":false},"author":96,"featured_media":120903,"comment_status":"closed","ping_status":"closed","sticky":false,"template":"","format":"standard","meta":{"footnotes":""},"categories":[257,439],"tags":[],"class_list":["post-120902","post","type-post","status-publish","format-standard","has-post-thumbnail","hentry","category-esporte","category-ultima-hora"],"_links":{"self":[{"href":"https:\/\/diarioregionaldigital.com.br\/index.php?rest_route=\/wp\/v2\/posts\/120902","targetHints":{"allow":["GET"]}}],"collection":[{"href":"https:\/\/diarioregionaldigital.com.br\/index.php?rest_route=\/wp\/v2\/posts"}],"about":[{"href":"https:\/\/diarioregionaldigital.com.br\/index.php?rest_route=\/wp\/v2\/types\/post"}],"author":[{"embeddable":true,"href":"https:\/\/diarioregionaldigital.com.br\/index.php?rest_route=\/wp\/v2\/users\/96"}],"replies":[{"embeddable":true,"href":"https:\/\/diarioregionaldigital.com.br\/index.php?rest_route=%2Fwp%2Fv2%2Fcomments&post=120902"}],"version-history":[{"count":0,"href":"https:\/\/diarioregionaldigital.com.br\/index.php?rest_route=\/wp\/v2\/posts\/120902\/revisions"}],"wp:featuredmedia":[{"embeddable":true,"href":"https:\/\/diarioregionaldigital.com.br\/index.php?rest_route=\/wp\/v2\/media\/120903"}],"wp:attachment":[{"href":"https:\/\/diarioregionaldigital.com.br\/index.php?rest_route=%2Fwp%2Fv2%2Fmedia&parent=120902"}],"wp:term":[{"taxonomy":"category","embeddable":true,"href":"https:\/\/diarioregionaldigital.com.br\/index.php?rest_route=%2Fwp%2Fv2%2Fcategories&post=120902"},{"taxonomy":"post_tag","embeddable":true,"href":"https:\/\/diarioregionaldigital.com.br\/index.php?rest_route=%2Fwp%2Fv2%2Ftags&post=120902"}],"curies":[{"name":"wp","href":"https:\/\/api.w.org\/{rel}","templated":true}]}}