{"id":120896,"date":"2018-09-27T11:16:42","date_gmt":"2018-09-27T14:16:42","guid":{"rendered":"https:\/\/diarioregionaldigital.com.br\/?p=120896"},"modified":"2018-09-27T11:16:42","modified_gmt":"2018-09-27T14:16:42","slug":"jogos-intercolegiais-queimada-agita-a-quadra-da-sel","status":"publish","type":"post","link":"https:\/\/diarioregionaldigital.com.br\/?p=120896","title":{"rendered":"&#8220;Jogos Intercolegiais\u201d &#8211; queimada agita a quadra da SEL"},"content":{"rendered":"<p>A quadra da Secretaria de Esporte e Lazer (SEL) foi palco de mais uma rodada da queimada dos Jogos Intercolegiais 2018. Entraram em quadra times das categorias infantil masculino e feminino. Destaque para a \u201croda gigante\u201d que viveu o time feminino do Col\u00e9gio Tiradentes da PMMG. No primeiro duelo, o time fez 7&#215;4, no primeiro tempo; e 9&#215;6, no segundo, batendo a Escola Municipal (E.M.) \u201cVereador Marcos Freesz\u201d por 16&#215;10. A vit\u00f3ria deu direito \u00e0 equipe de permanecer em quadra para enfrentar a Escola Estadual (E.E.) \u201cClorindo Burnier\u201d. As meninas do \u201cCol\u00e9gio Tiradentes\u201d come\u00e7aram bem o jogo e terminaram o primeiro tempo vencendo por apertados 6&#215;4. Na volta para a segunda etapa, o forte calor e o cansa\u00e7o pesaram. As garotas do \u201cClorindo Burnier\u201d, comandadas pelos arremessos fortes da atleta Geysyane Santos, fizeram 7&#215;0 e viraram para 11&#215;6. Na \u00faltima partida do dia, as meninas da E.M &#8220;Carolina de Assis&#8221; bateram a E.M &#8220;Marlene Barros&#8221; por 17&#215;7.<\/p>\n<p>A tabela completa, com hor\u00e1rios, datas e resultados pode ser conferida no site da Prefeitura de Juiz de Fora. A modalidade segue nesta quarta-feira, 26, com os jogos da categoria juvenil feminino, na quadra do Tupi.<\/p>\n<p>Os Jogos Intercolegiais s\u00e3o promovidos pela Prefeitura de Juiz de Fora (PJF), atrav\u00e9s da Secretaria de Esporte e Lazer (SEL), sob a coordena\u00e7\u00e3o do Departamento de Inicia\u00e7\u00e3o, Forma\u00e7\u00e3o e Rendimento Esportivo.<\/p>\n<p>Fonte: Assessoria\/SEL<\/p>\n","protected":false},"excerpt":{"rendered":"<p>A quadra da Secretaria de Esporte e Lazer (SEL) foi palco de mais uma rodada da queimada dos Jogos Intercolegiais 2018. Entraram em quadra times das categorias infantil masculino e feminino. Destaque para a \u201croda gigante\u201d que viveu o time feminino do Col\u00e9gio Tiradentes da PMMG. No primeiro duelo, o time fez 7&#215;4, no primeiro [&hellip;]<\/p>\n","protected":false},"author":96,"featured_media":120897,"comment_status":"closed","ping_status":"closed","sticky":false,"template":"","format":"standard","meta":{"footnotes":""},"categories":[257,439],"tags":[],"class_list":["post-120896","post","type-post","status-publish","format-standard","has-post-thumbnail","hentry","category-esporte","category-ultima-hora"],"_links":{"self":[{"href":"https:\/\/diarioregionaldigital.com.br\/index.php?rest_route=\/wp\/v2\/posts\/120896","targetHints":{"allow":["GET"]}}],"collection":[{"href":"https:\/\/diarioregionaldigital.com.br\/index.php?rest_route=\/wp\/v2\/posts"}],"about":[{"href":"https:\/\/diarioregionaldigital.com.br\/index.php?rest_route=\/wp\/v2\/types\/post"}],"author":[{"embeddable":true,"href":"https:\/\/diarioregionaldigital.com.br\/index.php?rest_route=\/wp\/v2\/users\/96"}],"replies":[{"embeddable":true,"href":"https:\/\/diarioregionaldigital.com.br\/index.php?rest_route=%2Fwp%2Fv2%2Fcomments&post=120896"}],"version-history":[{"count":0,"href":"https:\/\/diarioregionaldigital.com.br\/index.php?rest_route=\/wp\/v2\/posts\/120896\/revisions"}],"wp:featuredmedia":[{"embeddable":true,"href":"https:\/\/diarioregionaldigital.com.br\/index.php?rest_route=\/wp\/v2\/media\/120897"}],"wp:attachment":[{"href":"https:\/\/diarioregionaldigital.com.br\/index.php?rest_route=%2Fwp%2Fv2%2Fmedia&parent=120896"}],"wp:term":[{"taxonomy":"category","embeddable":true,"href":"https:\/\/diarioregionaldigital.com.br\/index.php?rest_route=%2Fwp%2Fv2%2Fcategories&post=120896"},{"taxonomy":"post_tag","embeddable":true,"href":"https:\/\/diarioregionaldigital.com.br\/index.php?rest_route=%2Fwp%2Fv2%2Ftags&post=120896"}],"curies":[{"name":"wp","href":"https:\/\/api.w.org\/{rel}","templated":true}]}}