{"id":120893,"date":"2018-09-27T11:10:53","date_gmt":"2018-09-27T14:10:53","guid":{"rendered":"https:\/\/diarioregionaldigital.com.br\/?p=120893"},"modified":"2018-09-27T11:10:53","modified_gmt":"2018-09-27T14:10:53","slug":"23o-festeru-mobiliza-alunos-de-escolas-da-zona-rural-para-um-dia-de-competicoes-esportivas","status":"publish","type":"post","link":"https:\/\/diarioregionaldigital.com.br\/?p=120893","title":{"rendered":"\u201c23\u00ba Festeru\u201d mobiliza alunos de escolas da zona rural para um dia de competi\u00e7\u00f5es esportivas"},"content":{"rendered":"<p>Est\u00e1 chegando mais uma edi\u00e7\u00e3o do \u201cFestival Esportivo das Escolas Rurais\u201d (Festeru), organizado pela Secretaria de Esporte e Lazer (SEL), da Prefeitura de Juiz de Fora (PJF). 240 alunos de seis escolas municipais da zona rural de Juiz de Fora ter\u00e3o a oportunidade de viver um dia inteiro de atividades esportivas na sede campestre da Associa\u00e7\u00e3o dos Subtenentes e Sargentos do Ex\u00e9rcito (ASE), no Bairro Barbosa Lage. Participam as escolas municipais &#8220;Helena Antipoff&#8221;, &#8220;Camilo Guedes&#8221;, &#8220;Padre Caetano&#8221;, &#8220;Dom Justino&#8221;, &#8220;Padre Wilson&#8221; e &#8220;Pedro Marques. A partir das 8 horas, come\u00e7am as modalidades de atletismo, com revezamento 4&#215;100, salto em dist\u00e2ncia, arremesso de peso, de xadrez e as coletivas, como futebol feminino, e voleibol e queimada, na categoria masculina. \u00c0 tarde \u00e9 a vez dos meninos no futebol e das meninas no voleibol e na queimada. Para finalizar o dia, a corrida r\u00fastica. As premia\u00e7\u00f5es ser\u00e3o feitas ao final de cada modalidade.<\/p>\n<p>O objetivo \u00e9 incentivar a mobiliza\u00e7\u00e3o e organiza\u00e7\u00e3o esportiva nas escolas, integrar os alunos dessas institui\u00e7\u00f5es e destacar a pr\u00e1tica esportiva como instrumento de forma\u00e7\u00e3o da personalidade e da cidadania. O evento, promovido anualmente pela SEL, chega a sua 23\u00aa edi\u00e7\u00e3o.<\/p>\n<p><strong>Fonte: Assessoria\/SEL<\/strong><\/p>\n","protected":false},"excerpt":{"rendered":"<p>Est\u00e1 chegando mais uma edi\u00e7\u00e3o do \u201cFestival Esportivo das Escolas Rurais\u201d (Festeru), organizado pela Secretaria de Esporte e Lazer (SEL), da Prefeitura de Juiz de Fora (PJF). 240 alunos de seis escolas municipais da zona rural de Juiz de Fora ter\u00e3o a oportunidade de viver um dia inteiro de atividades esportivas na sede campestre da [&hellip;]<\/p>\n","protected":false},"author":96,"featured_media":120894,"comment_status":"closed","ping_status":"closed","sticky":false,"template":"","format":"standard","meta":{"footnotes":""},"categories":[257,439],"tags":[],"class_list":["post-120893","post","type-post","status-publish","format-standard","has-post-thumbnail","hentry","category-esporte","category-ultima-hora"],"_links":{"self":[{"href":"https:\/\/diarioregionaldigital.com.br\/index.php?rest_route=\/wp\/v2\/posts\/120893","targetHints":{"allow":["GET"]}}],"collection":[{"href":"https:\/\/diarioregionaldigital.com.br\/index.php?rest_route=\/wp\/v2\/posts"}],"about":[{"href":"https:\/\/diarioregionaldigital.com.br\/index.php?rest_route=\/wp\/v2\/types\/post"}],"author":[{"embeddable":true,"href":"https:\/\/diarioregionaldigital.com.br\/index.php?rest_route=\/wp\/v2\/users\/96"}],"replies":[{"embeddable":true,"href":"https:\/\/diarioregionaldigital.com.br\/index.php?rest_route=%2Fwp%2Fv2%2Fcomments&post=120893"}],"version-history":[{"count":0,"href":"https:\/\/diarioregionaldigital.com.br\/index.php?rest_route=\/wp\/v2\/posts\/120893\/revisions"}],"wp:featuredmedia":[{"embeddable":true,"href":"https:\/\/diarioregionaldigital.com.br\/index.php?rest_route=\/wp\/v2\/media\/120894"}],"wp:attachment":[{"href":"https:\/\/diarioregionaldigital.com.br\/index.php?rest_route=%2Fwp%2Fv2%2Fmedia&parent=120893"}],"wp:term":[{"taxonomy":"category","embeddable":true,"href":"https:\/\/diarioregionaldigital.com.br\/index.php?rest_route=%2Fwp%2Fv2%2Fcategories&post=120893"},{"taxonomy":"post_tag","embeddable":true,"href":"https:\/\/diarioregionaldigital.com.br\/index.php?rest_route=%2Fwp%2Fv2%2Ftags&post=120893"}],"curies":[{"name":"wp","href":"https:\/\/api.w.org\/{rel}","templated":true}]}}