{"id":120890,"date":"2018-09-27T08:00:22","date_gmt":"2018-09-27T11:00:22","guid":{"rendered":"https:\/\/diarioregionaldigital.com.br\/?p=120890"},"modified":"2018-09-27T11:00:15","modified_gmt":"2018-09-27T14:00:15","slug":"cotistas-com-menos-de-60-anos-tem-ate-amanha-para-sacar-pis-pasep","status":"publish","type":"post","link":"https:\/\/diarioregionaldigital.com.br\/?p=120890","title":{"rendered":"Cotistas com menos de 60 anos t\u00eam at\u00e9 amanh\u00e3 para sacar PIS\/Pasep"},"content":{"rendered":"<p>Cotistas dos fundos dos programas de Integra\u00e7\u00e3o Social (PIS) e de Forma\u00e7\u00e3o do Patrim\u00f4nio do Servidor P\u00fablico (Pasep) t\u00eam at\u00e9 amanh\u00e3 (28) para sacar o benef\u00edcio fora dos crit\u00e9rios previstos em lei. \u00c9 o caso dos trabalhadores com menos de 60 anos. De acordo com o \u00faltimo balan\u00e7o do Minist\u00e9rio do Planejamento, h\u00e1 4,5 milh\u00f5es de pessoas nessa faixa et\u00e1ria que ainda n\u00e3o retiraram os recursos.<\/p>\n<p>Mais de 11 milh\u00f5es de benefici\u00e1rios com menos de 60 anos j\u00e1 fizeram o saque. Aqueles que optarem por n\u00e3o retirar os recursos at\u00e9 amanh\u00e3 n\u00e3o perdem o direito ao dinheiro. Poder\u00e3o fazer o saque futuramente, quando passarem a cumprir um dos crit\u00e9rios habituais, conforme determina a Lei 13.677\/2018.<\/p>\n<p>At\u00e9 2017, os saques dos fundos PIS\/Pasep s\u00f3 eram permitidos para cotistas com idade m\u00ednima de 70 anos ou para os casos de aposentadoria, herdeiro de cotista, pessoas em situa\u00e7\u00e3o de invalidez ou acometidos por algumas doen\u00e7as espec\u00edficas. A partir do dia 29, os saques voltam a ser exclusivos para aqueles que atenderem a um dos crit\u00e9rios citados, sendo que a idade m\u00ednima fixada pela lei passou para 60 anos.<\/p>\n<h3><strong>Hor\u00e1rio estendido na Caixa<\/strong><\/h3>\n<p>Para facilitar o atendimento aos cotistas do PIS que ainda n\u00e3o sacaram seus benef\u00edcios, as ag\u00eancias da Caixa Econ\u00f4mica Federal abrir\u00e3o duas horas mais cedo nesta sexta-feira, exceto nas regi\u00f5es em que, devido ao fuso, esse hor\u00e1rio n\u00e3o for a melhor condi\u00e7\u00e3o de atendimento aos clientes. Para essas regi\u00f5es espec\u00edficas, o hor\u00e1rio tamb\u00e9m ser\u00e1 ampliado, mas cada superintend\u00eancia local decidir\u00e1 se abrir\u00e1 a ag\u00eancia antes ou se fechar\u00e1 depois do expediente normal.<\/p>\n<h4><strong>Quem tem direito<\/strong><\/h4>\n<p>Para saber o saldo e se tem direito ao benef\u00edcio, o trabalhador pode acessar os <em>sites<\/em> do PIS e do Pasep. Para os cotistas do PIS, tamb\u00e9m \u00e9 poss\u00edvel consultar a Caixa no telefone 0800-726-0207 ou nos caixas eletr\u00f4nicos da institui\u00e7\u00e3o, desde que o interessado tenha o Cart\u00e3o Cidad\u00e3o. No caso do Pasep, a consulta \u00e9 feita ao Banco do Brasil, nos telefones 4004-0001 ou 0800-729-0001.<\/p>\n<p>T\u00eam direito ao saque as pessoas que trabalharam com carteira assinada antes da Constitui\u00e7\u00e3o de 1988. As cotas s\u00e3o os rendimentos anuais depositados nas contas de trabalhadores, institu\u00eddas entre 1971, ano da cria\u00e7\u00e3o do PIS\/Pasep, e 1988.<\/p>\n<p>Quem contribuiu ap\u00f3s 4 de outubro de 1988 n\u00e3o tem direito ao saque. Isso ocorre porque a Constitui\u00e7\u00e3o, promulgada naquele ano, passou a destinar as contribui\u00e7\u00f5es do PIS\/Pasep das empresas para o Fundo de Amparo ao Trabalhador (FAT), que paga o seguro-desemprego e o abono salarial, e para o Banco Nacional de Desenvolvimento Econ\u00f4mico e Social (BNDES).<\/p>\n<p>Do in\u00edcio do processo de flexibiliza\u00e7\u00e3o at\u00e9 o \u00faltimo dia 23, foram pagos R$ 18,03 bilh\u00f5es aos cotistas do fundo PIS\/Pasep, beneficiando 16,3 milh\u00f5es de cotistas. Cerca de R$ 24 bilh\u00f5es ainda est\u00e3o dispon\u00edveis no fundo, com mais de 12 milh\u00f5es de pessoas com cotas para resgatar.<\/p>\n<p><em>Fonte: Ag\u00eancia Brasil<\/em><\/p>\n","protected":false},"excerpt":{"rendered":"<p>Cotistas dos fundos dos programas de Integra\u00e7\u00e3o Social (PIS) e de Forma\u00e7\u00e3o do Patrim\u00f4nio do Servidor P\u00fablico (Pasep) t\u00eam at\u00e9 amanh\u00e3 (28) para sacar o benef\u00edcio fora dos crit\u00e9rios previstos em lei. \u00c9 o caso dos trabalhadores com menos de 60 anos. De acordo com o \u00faltimo balan\u00e7o do Minist\u00e9rio do Planejamento, h\u00e1 4,5 milh\u00f5es [&hellip;]<\/p>\n","protected":false},"author":96,"featured_media":0,"comment_status":"closed","ping_status":"closed","sticky":false,"template":"","format":"standard","meta":{"footnotes":""},"categories":[436,440,261,439],"tags":[],"class_list":["post-120890","post","type-post","status-publish","format-standard","hentry","category-destaque-da-semana","category-destaques-do-dia","category-economia","category-ultima-hora"],"_links":{"self":[{"href":"https:\/\/diarioregionaldigital.com.br\/index.php?rest_route=\/wp\/v2\/posts\/120890","targetHints":{"allow":["GET"]}}],"collection":[{"href":"https:\/\/diarioregionaldigital.com.br\/index.php?rest_route=\/wp\/v2\/posts"}],"about":[{"href":"https:\/\/diarioregionaldigital.com.br\/index.php?rest_route=\/wp\/v2\/types\/post"}],"author":[{"embeddable":true,"href":"https:\/\/diarioregionaldigital.com.br\/index.php?rest_route=\/wp\/v2\/users\/96"}],"replies":[{"embeddable":true,"href":"https:\/\/diarioregionaldigital.com.br\/index.php?rest_route=%2Fwp%2Fv2%2Fcomments&post=120890"}],"version-history":[{"count":0,"href":"https:\/\/diarioregionaldigital.com.br\/index.php?rest_route=\/wp\/v2\/posts\/120890\/revisions"}],"wp:attachment":[{"href":"https:\/\/diarioregionaldigital.com.br\/index.php?rest_route=%2Fwp%2Fv2%2Fmedia&parent=120890"}],"wp:term":[{"taxonomy":"category","embeddable":true,"href":"https:\/\/diarioregionaldigital.com.br\/index.php?rest_route=%2Fwp%2Fv2%2Fcategories&post=120890"},{"taxonomy":"post_tag","embeddable":true,"href":"https:\/\/diarioregionaldigital.com.br\/index.php?rest_route=%2Fwp%2Fv2%2Ftags&post=120890"}],"curies":[{"name":"wp","href":"https:\/\/api.w.org\/{rel}","templated":true}]}}