{"id":120875,"date":"2018-09-27T08:25:41","date_gmt":"2018-09-27T11:25:41","guid":{"rendered":"https:\/\/diarioregionaldigital.com.br\/?p=120875"},"modified":"2018-09-27T08:27:28","modified_gmt":"2018-09-27T11:27:28","slug":"homem-sofre-tentativa-de-assalto-no-bairro-sao-mateus","status":"publish","type":"post","link":"https:\/\/diarioregionaldigital.com.br\/?p=120875","title":{"rendered":"Homem sofre tentativa de assalto no bairro S\u00e3o Mateus"},"content":{"rendered":"<p>Um homem de 33 anos foi v\u00edtima de tentativa de assalto no bairro S\u00e3o Mateus, na zona Sul de Juiz de Fora, na madrugada desta quinta-feira, 27. Ele passava pela Rua S\u00e3o Mateus, quase na esquina com a Rua Padre Caf\u00e9, por volta das 3h, quando foi abordado por um homem e uma mulher que estava armada. O casal anunciou o assalto, mas a v\u00edtima avisou que n\u00e3o levava consigo nenhum pertence.<\/p>\n<p>Como n\u00e3o havia nada para ser roubado, os autores entraram em um ve\u00edculo e fugiram. Ningu\u00e9m foi preso pela Pol\u00edcia Militar.<\/p>\n","protected":false},"excerpt":{"rendered":"<p>Um homem de 33 anos foi v\u00edtima de tentativa de assalto no bairro S\u00e3o Mateus, na zona Sul de Juiz de Fora, na madrugada desta quinta-feira, 27. Ele passava pela Rua S\u00e3o Mateus, quase na esquina com a Rua Padre Caf\u00e9, por volta das 3h, quando foi abordado por um homem e uma mulher que [&hellip;]<\/p>\n","protected":false},"author":96,"featured_media":95836,"comment_status":"closed","ping_status":"closed","sticky":false,"template":"","format":"standard","meta":{"footnotes":""},"categories":[301],"tags":[],"class_list":["post-120875","post","type-post","status-publish","format-standard","has-post-thumbnail","hentry","category-artigos-policiais"],"_links":{"self":[{"href":"https:\/\/diarioregionaldigital.com.br\/index.php?rest_route=\/wp\/v2\/posts\/120875","targetHints":{"allow":["GET"]}}],"collection":[{"href":"https:\/\/diarioregionaldigital.com.br\/index.php?rest_route=\/wp\/v2\/posts"}],"about":[{"href":"https:\/\/diarioregionaldigital.com.br\/index.php?rest_route=\/wp\/v2\/types\/post"}],"author":[{"embeddable":true,"href":"https:\/\/diarioregionaldigital.com.br\/index.php?rest_route=\/wp\/v2\/users\/96"}],"replies":[{"embeddable":true,"href":"https:\/\/diarioregionaldigital.com.br\/index.php?rest_route=%2Fwp%2Fv2%2Fcomments&post=120875"}],"version-history":[{"count":0,"href":"https:\/\/diarioregionaldigital.com.br\/index.php?rest_route=\/wp\/v2\/posts\/120875\/revisions"}],"wp:featuredmedia":[{"embeddable":true,"href":"https:\/\/diarioregionaldigital.com.br\/index.php?rest_route=\/wp\/v2\/media\/95836"}],"wp:attachment":[{"href":"https:\/\/diarioregionaldigital.com.br\/index.php?rest_route=%2Fwp%2Fv2%2Fmedia&parent=120875"}],"wp:term":[{"taxonomy":"category","embeddable":true,"href":"https:\/\/diarioregionaldigital.com.br\/index.php?rest_route=%2Fwp%2Fv2%2Fcategories&post=120875"},{"taxonomy":"post_tag","embeddable":true,"href":"https:\/\/diarioregionaldigital.com.br\/index.php?rest_route=%2Fwp%2Fv2%2Ftags&post=120875"}],"curies":[{"name":"wp","href":"https:\/\/api.w.org\/{rel}","templated":true}]}}