{"id":120871,"date":"2018-09-27T08:10:29","date_gmt":"2018-09-27T11:10:29","guid":{"rendered":"https:\/\/diarioregionaldigital.com.br\/?p=120871"},"modified":"2018-09-27T08:18:37","modified_gmt":"2018-09-27T11:18:37","slug":"veiculos-sao-furtados-em-juiz-de-fora","status":"publish","type":"post","link":"https:\/\/diarioregionaldigital.com.br\/?p=120871","title":{"rendered":"Ve\u00edculos s\u00e3o furtados em Juiz de Fora"},"content":{"rendered":"<p>A Pol\u00edcia Militar (PM) registrou dois roubos de carros em Juiz de Fora. Um deles aconteceu Rua Araguaia, quase esquina com a Avenida Presidente Itamar Franco, no bairro S\u00e3o Mateus, zona Sul da cidade. Um homem de 58 anos estacionou o ve\u00edculo na via por volta das 23h da ter\u00e7a-feira, 26, e quando retornou nessa quarta, 27, pela manh\u00e3, n\u00e3o mais encontrou o ve\u00edculo. Segundo o propriet\u00e1rio, o carro \u00e9 do ano de 1989, de cor cinza e possui placa de Juiz de Fora.<\/p>\n<p>O outro furto foi registrado pela PM no bairro Santa Cruz, na regi\u00e3o Norte. A moto de um homem de 42 anos passou a quinta-feira estacionada em frente \u00e0 resid\u00eancia dele na rua Rua Nicomedes Pereira Almeida. Quando ele saiu de casa, \u00e0s 23h, o ve\u00edculo j\u00e1 n\u00e3o estava mais no local.<\/p>\n<p>A PM investiga os dois casos e, at\u00e9 o momento, ningu\u00e9m foi preso.<\/p>\n","protected":false},"excerpt":{"rendered":"<p>A Pol\u00edcia Militar (PM) registrou dois roubos de carros em Juiz de Fora. Um deles aconteceu Rua Araguaia, quase esquina com a Avenida Presidente Itamar Franco, no bairro S\u00e3o Mateus, zona Sul da cidade. Um homem de 58 anos estacionou o ve\u00edculo na via por volta das 23h da ter\u00e7a-feira, 26, e quando retornou nessa [&hellip;]<\/p>\n","protected":false},"author":96,"featured_media":95836,"comment_status":"closed","ping_status":"closed","sticky":false,"template":"","format":"standard","meta":{"footnotes":""},"categories":[301],"tags":[],"class_list":["post-120871","post","type-post","status-publish","format-standard","has-post-thumbnail","hentry","category-artigos-policiais"],"_links":{"self":[{"href":"https:\/\/diarioregionaldigital.com.br\/index.php?rest_route=\/wp\/v2\/posts\/120871","targetHints":{"allow":["GET"]}}],"collection":[{"href":"https:\/\/diarioregionaldigital.com.br\/index.php?rest_route=\/wp\/v2\/posts"}],"about":[{"href":"https:\/\/diarioregionaldigital.com.br\/index.php?rest_route=\/wp\/v2\/types\/post"}],"author":[{"embeddable":true,"href":"https:\/\/diarioregionaldigital.com.br\/index.php?rest_route=\/wp\/v2\/users\/96"}],"replies":[{"embeddable":true,"href":"https:\/\/diarioregionaldigital.com.br\/index.php?rest_route=%2Fwp%2Fv2%2Fcomments&post=120871"}],"version-history":[{"count":0,"href":"https:\/\/diarioregionaldigital.com.br\/index.php?rest_route=\/wp\/v2\/posts\/120871\/revisions"}],"wp:featuredmedia":[{"embeddable":true,"href":"https:\/\/diarioregionaldigital.com.br\/index.php?rest_route=\/wp\/v2\/media\/95836"}],"wp:attachment":[{"href":"https:\/\/diarioregionaldigital.com.br\/index.php?rest_route=%2Fwp%2Fv2%2Fmedia&parent=120871"}],"wp:term":[{"taxonomy":"category","embeddable":true,"href":"https:\/\/diarioregionaldigital.com.br\/index.php?rest_route=%2Fwp%2Fv2%2Fcategories&post=120871"},{"taxonomy":"post_tag","embeddable":true,"href":"https:\/\/diarioregionaldigital.com.br\/index.php?rest_route=%2Fwp%2Fv2%2Ftags&post=120871"}],"curies":[{"name":"wp","href":"https:\/\/api.w.org\/{rel}","templated":true}]}}