{"id":120859,"date":"2018-09-27T06:00:37","date_gmt":"2018-09-27T09:00:37","guid":{"rendered":"https:\/\/diarioregionaldigital.com.br\/?p=120859"},"modified":"2018-09-26T20:48:52","modified_gmt":"2018-09-26T23:48:52","slug":"camara-municipal-comeca-a-discutir-projeto-de-lei-que-quer-dar-igualdade-de-tratamento-no-servico-funerario","status":"publish","type":"post","link":"https:\/\/diarioregionaldigital.com.br\/?p=120859","title":{"rendered":"C\u00e2mara Municipal come\u00e7a a discutir projeto de lei que quer dar igualdade de tratamento no servi\u00e7o funer\u00e1rio"},"content":{"rendered":"<p>Come\u00e7ou a tramitar no plen\u00e1rio da C\u00e2mara Municipal de Juiz de Fora na \u00faltima segunda-feira, 24, um projeto de lei que tem como objetivo garantir o tempo de vel\u00f3rio no servi\u00e7o oferecido pelas funcion\u00e1rias do munic\u00edpio mesmo em casos de gratuidade, dispensa ou isen\u00e7\u00e3o de taxas, emolumentos e tarifas.<\/p>\n<p>De acordo com o vereador Sargento Mello Casal (PTB), a ideia surgiu juntamente com o vereador Fiorilo (PTC), ap\u00f3s ouvirem reclama\u00e7\u00f5es da popula\u00e7\u00e3o em rela\u00e7\u00e3o ao tempo que as funer\u00e1rias da cidade disponibilizam para as fam\u00edlias velarem o corpo, que, segundo ele, \u00e9 em torno de duas horas.<\/p>\n<p>\u201cA gente pretende dar dignidade para os familiares que perderam um ente querido. Estamos, tamb\u00e9m, colocando todo mundo na igualdade, j\u00e1 que a nossa constitui\u00e7\u00e3o diz que n\u00f3s somos todos iguais perante a lei. Hoje, n\u00f3s vamos poder dar um tratamento diferente a essas pessoas que perderam seus entes e n\u00e3o possuem condi\u00e7\u00f5es de pagar o seu vel\u00f3rio, mas v\u00e3o ter o mesmo tempo de se despedirem como qualquer outra pessoa da cidade\u201d, destacou Mello.<\/p>\n<p>O texto j\u00e1 foi aprovado na primeira discuss\u00e3o. De acordo com a assessoria do vereador, outro debate sobre o tema seria feito nessa quarta-feira, 26.<\/p>\n<p>&nbsp;<\/p>\n<p>&nbsp;<\/p>\n","protected":false},"excerpt":{"rendered":"<p>Come\u00e7ou a tramitar no plen\u00e1rio da C\u00e2mara Municipal de Juiz de Fora na \u00faltima segunda-feira, 24, um projeto de lei que tem como objetivo garantir o tempo de vel\u00f3rio no servi\u00e7o oferecido pelas funcion\u00e1rias do munic\u00edpio mesmo em casos de gratuidade, dispensa ou isen\u00e7\u00e3o de taxas, emolumentos e tarifas. De acordo com o vereador Sargento [&hellip;]<\/p>\n","protected":false},"author":96,"featured_media":120860,"comment_status":"closed","ping_status":"closed","sticky":false,"template":"","format":"standard","meta":{"footnotes":""},"categories":[436,440,254,439],"tags":[],"class_list":["post-120859","post","type-post","status-publish","format-standard","has-post-thumbnail","hentry","category-destaque-da-semana","category-destaques-do-dia","category-politica","category-ultima-hora"],"_links":{"self":[{"href":"https:\/\/diarioregionaldigital.com.br\/index.php?rest_route=\/wp\/v2\/posts\/120859","targetHints":{"allow":["GET"]}}],"collection":[{"href":"https:\/\/diarioregionaldigital.com.br\/index.php?rest_route=\/wp\/v2\/posts"}],"about":[{"href":"https:\/\/diarioregionaldigital.com.br\/index.php?rest_route=\/wp\/v2\/types\/post"}],"author":[{"embeddable":true,"href":"https:\/\/diarioregionaldigital.com.br\/index.php?rest_route=\/wp\/v2\/users\/96"}],"replies":[{"embeddable":true,"href":"https:\/\/diarioregionaldigital.com.br\/index.php?rest_route=%2Fwp%2Fv2%2Fcomments&post=120859"}],"version-history":[{"count":0,"href":"https:\/\/diarioregionaldigital.com.br\/index.php?rest_route=\/wp\/v2\/posts\/120859\/revisions"}],"wp:featuredmedia":[{"embeddable":true,"href":"https:\/\/diarioregionaldigital.com.br\/index.php?rest_route=\/wp\/v2\/media\/120860"}],"wp:attachment":[{"href":"https:\/\/diarioregionaldigital.com.br\/index.php?rest_route=%2Fwp%2Fv2%2Fmedia&parent=120859"}],"wp:term":[{"taxonomy":"category","embeddable":true,"href":"https:\/\/diarioregionaldigital.com.br\/index.php?rest_route=%2Fwp%2Fv2%2Fcategories&post=120859"},{"taxonomy":"post_tag","embeddable":true,"href":"https:\/\/diarioregionaldigital.com.br\/index.php?rest_route=%2Fwp%2Fv2%2Ftags&post=120859"}],"curies":[{"name":"wp","href":"https:\/\/api.w.org\/{rel}","templated":true}]}}