{"id":120850,"date":"2018-09-26T19:51:12","date_gmt":"2018-09-26T22:51:12","guid":{"rendered":"https:\/\/diarioregionaldigital.com.br\/?p=120850"},"modified":"2018-09-26T19:51:50","modified_gmt":"2018-09-26T22:51:50","slug":"ziraldo-sofre-avc-e-esta-internado-em-estado-grave-no-rio-de-janeiro","status":"publish","type":"post","link":"https:\/\/diarioregionaldigital.com.br\/?p=120850","title":{"rendered":"Ziraldo sofre AVC e est\u00e1 internado em estado grave no Rio de Janeiro"},"content":{"rendered":"<p>O cartunista e escritor Ziraldo, 85 anos, sofreu um acidente vascular cerebral hemorr\u00e1gico nesta quarta-feira (26) e est\u00e1 internado em estado grave no Hospital Pr\u00f3-Card\u00edaco, em Botafogo, zona sul do Rio. O hospital informou, em nota, que o cartunista e escritor Ziraldo Alves Pinto deu entrada na institui\u00e7\u00e3o no in\u00edcio da tarde com quadro de acidente vascular cerebral (AVC) hemorr\u00e1gico. O paciente encontra-se internado no Centro de Terapia Intensiva (CTI) da unidade e seu estado de sa\u00fade \u00e9 grave.<\/p>\n<h2>Carreira<\/h2>\n<p>Ziraldo \u00e9 cartunista, desenhista, jornalista, cronista, chargista, pintor e dramaturgo brasileiro. Ele \u00e9 o criador do personagem de quadrinhos infantil Menino Maluquinho. Foi um dos fundadores do jornal O Pasquim, que fez muito sucesso com suas entrevistas e humor cr\u00edtico durante o regime militar.<\/p>\n<p>O cartunista nasceu em Caratinga, Minas Gerais, no dia 24 de outubro de 1932. Seu nome vem da combina\u00e7\u00e3o dos nomes de sua m\u00e3e, Zizinha e o de seu pai Geraldo. Desde crian\u00e7a j\u00e1 mostrava seu talento para o desenho. Com seis anos, teve um desenho seu publicado no jornal Folha de Minas.<\/p>\n<p>Ziraldo estudou no Grupo Escolar Princesa Isabel. Em 1949 foi com a av\u00f3 para o Rio de Janeiro, onde estudou por dois anos no Mabe (Moderna Associa\u00e7\u00e3o de Ensino). Em 1950, retornou para Caratinga e concluiu o cient\u00edfico no Col\u00e9gio Nossa Senhora das Gra\u00e7as.<\/p>\n<p>&nbsp;<\/p>\n<p>&nbsp;<\/p>\n","protected":false},"excerpt":{"rendered":"<p>O cartunista e escritor Ziraldo, 85 anos, sofreu um acidente vascular cerebral hemorr\u00e1gico nesta quarta-feira (26) e est\u00e1 internado em estado grave no Hospital Pr\u00f3-Card\u00edaco, em Botafogo, zona sul do Rio. O hospital informou, em nota, que o cartunista e escritor Ziraldo Alves Pinto deu entrada na institui\u00e7\u00e3o no in\u00edcio da tarde com quadro de [&hellip;]<\/p>\n","protected":false},"author":96,"featured_media":120851,"comment_status":"closed","ping_status":"closed","sticky":false,"template":"","format":"standard","meta":{"footnotes":""},"categories":[256,436,440,439],"tags":[],"class_list":["post-120850","post","type-post","status-publish","format-standard","has-post-thumbnail","hentry","category-cultura","category-destaque-da-semana","category-destaques-do-dia","category-ultima-hora"],"_links":{"self":[{"href":"https:\/\/diarioregionaldigital.com.br\/index.php?rest_route=\/wp\/v2\/posts\/120850","targetHints":{"allow":["GET"]}}],"collection":[{"href":"https:\/\/diarioregionaldigital.com.br\/index.php?rest_route=\/wp\/v2\/posts"}],"about":[{"href":"https:\/\/diarioregionaldigital.com.br\/index.php?rest_route=\/wp\/v2\/types\/post"}],"author":[{"embeddable":true,"href":"https:\/\/diarioregionaldigital.com.br\/index.php?rest_route=\/wp\/v2\/users\/96"}],"replies":[{"embeddable":true,"href":"https:\/\/diarioregionaldigital.com.br\/index.php?rest_route=%2Fwp%2Fv2%2Fcomments&post=120850"}],"version-history":[{"count":0,"href":"https:\/\/diarioregionaldigital.com.br\/index.php?rest_route=\/wp\/v2\/posts\/120850\/revisions"}],"wp:featuredmedia":[{"embeddable":true,"href":"https:\/\/diarioregionaldigital.com.br\/index.php?rest_route=\/wp\/v2\/media\/120851"}],"wp:attachment":[{"href":"https:\/\/diarioregionaldigital.com.br\/index.php?rest_route=%2Fwp%2Fv2%2Fmedia&parent=120850"}],"wp:term":[{"taxonomy":"category","embeddable":true,"href":"https:\/\/diarioregionaldigital.com.br\/index.php?rest_route=%2Fwp%2Fv2%2Fcategories&post=120850"},{"taxonomy":"post_tag","embeddable":true,"href":"https:\/\/diarioregionaldigital.com.br\/index.php?rest_route=%2Fwp%2Fv2%2Ftags&post=120850"}],"curies":[{"name":"wp","href":"https:\/\/api.w.org\/{rel}","templated":true}]}}