{"id":120849,"date":"2018-09-27T06:00:05","date_gmt":"2018-09-27T09:00:05","guid":{"rendered":"https:\/\/diarioregionaldigital.com.br\/?p=120849"},"modified":"2018-09-26T19:50:56","modified_gmt":"2018-09-26T22:50:56","slug":"por-que-a-religiao-consegue-curar-as-doencas","status":"publish","type":"post","link":"https:\/\/diarioregionaldigital.com.br\/?p=120849","title":{"rendered":"Por que a Religi\u00e3o Consegue Curar as Doen\u00e7as"},"content":{"rendered":"<p style=\"text-align: center;\"><span style=\"font-size: 14pt;\"><strong>Por que a Religi\u00e3o Consegue Curar as Doen\u00e7as<\/strong><\/span><\/p>\n<p style=\"text-align: center;\">Vamos supor que uma senhora esteja tomando sua refei\u00e7\u00e3o, tranquila e alegremente. Nessa hora, toca o telefone e lhe comunicam que seu marido foi atropelado e est\u00e1 gravemente ferido, correndo perigo de vida. Ato cont\u00ednuo, ela empalidece, perde o apetite, a comida n\u00e3o passa mais pela garganta, e o corpo come\u00e7a a tremer. Tamanha \u00e9 a influ\u00eancia da mente sobre a fun\u00e7\u00e3o fisiol\u00f3gica do corpo. Portanto, \u00e9 muito natural que o organismo da pessoa que vive sempre com preocupa\u00e7\u00f5es seja fr\u00e1gil, pade\u00e7a de doen\u00e7as cr\u00f4nicas, produza toxinas no sangue e, como consequ\u00eancia disso, tenha manchas na pele e perca a beleza do rosto. N\u00e3o \u00e9 tamb\u00e9m il\u00f3gico dizer que os cabelos de uma pessoa ficaram brancos da noite para o dia, de tanta preocupa\u00e7\u00e3o. A medicina psicossom\u00e1tica tem comprovado que muitas das doen\u00e7as t\u00eam sua origem na desarmonia mental.<br \/>\nE uma vez que a religi\u00e3o tem efic\u00e1cia em ajustar de modo radical a mente humana, n\u00e3o h\u00e1 mist\u00e9rio algum em que as doen\u00e7as sejam curadas pela compreens\u00e3o ou ilumina\u00e7\u00e3o religiosa.<\/p>\n<p style=\"text-align: center;\"><strong>O corpo humano est\u00e1 sempre se renovando<\/strong><br \/>\nMesmo que voc\u00ea tenha uma doen\u00e7a cr\u00f4nica nos pulm\u00f5es, isso n\u00e3o \u00e9 motivo para o temor. O corpo &#8220;est\u00e1 sempre sendo formado&#8221;, pois n\u00e3o \u00e9 algo fixo e imut\u00e1vel que n\u00e3o admite reformula\u00e7\u00e3o. Uma barra de ferro ou um bloco de cimento parecem duros apenas aos nossos sentidos, pois, na verdade, est\u00e1 comprovado pela F\u00edsica que suas part\u00edculas elementares est\u00e3o em cont\u00ednuo movimento. Essas part\u00edculas elementares, que est\u00e3o em livre e constante movimento, uma vez introduzidas no corpo humano, passam a pertencer \u00e0 \u00e1rea de dom\u00ednio do projeto tra\u00e7ado pelo Esp\u00edrito, e s\u00e3o colocadas sob as ordens do subconsciente, que ent\u00e3o passa a controlar os seus movimentos. Logo, s\u00e3o distribu\u00eddas e dispostas de forma a suprir as defici\u00eancias, preencher as cavernas pulmonares e tornar perfeita a estrutura do corpo. As mol\u00e9culas que n\u00e3o servem para a repara\u00e7\u00e3o do corpo s\u00e3o expelidas para fora do organismo. Se ajustarmos a nossa rnente de forma a distribuir e colocar os elementos nutritivos nos lugares certos, renascer\u00e1 um corpo sadio.<br \/>\nVoc\u00ea que gosta dos ensinamentos da Seicho-No-Ie pode acompanhar as li\u00e7\u00f5es nos seguintes espa\u00e7os e dias: no Di\u00e1rio Regional: ter\u00e7as, e domingos; na R\u00e1dio Premium: segunda a s\u00e1bado, \u00e0s 7h; na TVE-JF canal 12: aos s\u00e1bados, \u00e0s 9h, aos domingos, \u00e0s 11h e \u00e0s quintas, \u00e0s 22h30. Participe dos ensinamentos da Seicho-No-Ie no domingo, das 9h \u00e0s 11h, na Rua Silva Jardim n\u00b0 243; Rua Nair de Castro Cunha n\u00b0 155 e Rua Feliciano Pena n\u00b0 20. Venha, participe e descubra um modo feliz de viver em harmonia com a natureza.<\/p>\n","protected":false},"excerpt":{"rendered":"<p>Por que a Religi\u00e3o Consegue Curar as Doen\u00e7as Vamos supor que uma senhora esteja tomando sua refei\u00e7\u00e3o, tranquila e alegremente. Nessa hora, toca o telefone e lhe comunicam que seu marido foi atropelado e est\u00e1 gravemente ferido, correndo perigo de vida. Ato cont\u00ednuo, ela empalidece, perde o apetite, a comida n\u00e3o passa mais pela garganta, [&hellip;]<\/p>\n","protected":false},"author":96,"featured_media":0,"comment_status":"closed","ping_status":"closed","sticky":false,"template":"","format":"standard","meta":{"footnotes":""},"categories":[263],"tags":[],"class_list":["post-120849","post","type-post","status-publish","format-standard","hentry","category-jane-aragao"],"_links":{"self":[{"href":"https:\/\/diarioregionaldigital.com.br\/index.php?rest_route=\/wp\/v2\/posts\/120849","targetHints":{"allow":["GET"]}}],"collection":[{"href":"https:\/\/diarioregionaldigital.com.br\/index.php?rest_route=\/wp\/v2\/posts"}],"about":[{"href":"https:\/\/diarioregionaldigital.com.br\/index.php?rest_route=\/wp\/v2\/types\/post"}],"author":[{"embeddable":true,"href":"https:\/\/diarioregionaldigital.com.br\/index.php?rest_route=\/wp\/v2\/users\/96"}],"replies":[{"embeddable":true,"href":"https:\/\/diarioregionaldigital.com.br\/index.php?rest_route=%2Fwp%2Fv2%2Fcomments&post=120849"}],"version-history":[{"count":0,"href":"https:\/\/diarioregionaldigital.com.br\/index.php?rest_route=\/wp\/v2\/posts\/120849\/revisions"}],"wp:attachment":[{"href":"https:\/\/diarioregionaldigital.com.br\/index.php?rest_route=%2Fwp%2Fv2%2Fmedia&parent=120849"}],"wp:term":[{"taxonomy":"category","embeddable":true,"href":"https:\/\/diarioregionaldigital.com.br\/index.php?rest_route=%2Fwp%2Fv2%2Fcategories&post=120849"},{"taxonomy":"post_tag","embeddable":true,"href":"https:\/\/diarioregionaldigital.com.br\/index.php?rest_route=%2Fwp%2Fv2%2Ftags&post=120849"}],"curies":[{"name":"wp","href":"https:\/\/api.w.org\/{rel}","templated":true}]}}