{"id":120842,"date":"2018-09-27T06:00:32","date_gmt":"2018-09-27T09:00:32","guid":{"rendered":"https:\/\/diarioregionaldigital.com.br\/?p=120842"},"modified":"2018-09-27T21:04:09","modified_gmt":"2018-09-28T00:04:09","slug":"edital-de-citacao-dr-orfeu-sergio-ferreira-filho","status":"publish","type":"post","link":"https:\/\/diarioregionaldigital.com.br\/?p=120842","title":{"rendered":"Edital de Cita\u00e7\u00e3o &#8211; Dr. Orfeu S\u00e9rgio Ferreira Filho &#8211; 28\/09\/18"},"content":{"rendered":"<p><img loading=\"lazy\" decoding=\"async\" class=\"aligncenter wp-image-120817\" src=\"https:\/\/diarioregionaldigital.com.br\/wp-content\/uploads\/2018\/09\/EDITAL-DE-CITA\u00c7\u00c3O.jpg\" alt=\"\" width=\"680\" height=\"444\" srcset=\"https:\/\/diarioregionaldigital.com.br\/wp-content\/uploads\/2018\/09\/EDITAL-DE-CITA\u00c7\u00c3O.jpg 1900w, https:\/\/diarioregionaldigital.com.br\/wp-content\/uploads\/2018\/09\/EDITAL-DE-CITA\u00c7\u00c3O-300x196.jpg 300w, https:\/\/diarioregionaldigital.com.br\/wp-content\/uploads\/2018\/09\/EDITAL-DE-CITA\u00c7\u00c3O-768x502.jpg 768w, https:\/\/diarioregionaldigital.com.br\/wp-content\/uploads\/2018\/09\/EDITAL-DE-CITA\u00c7\u00c3O-1024x669.jpg 1024w, https:\/\/diarioregionaldigital.com.br\/wp-content\/uploads\/2018\/09\/EDITAL-DE-CITA\u00c7\u00c3O-360x235.jpg 360w\" sizes=\"auto, (max-width: 680px) 100vw, 680px\" \/><\/p>\n","protected":false},"excerpt":{"rendered":"","protected":false},"author":96,"featured_media":0,"comment_status":"closed","ping_status":"closed","sticky":false,"template":"","format":"standard","meta":{"footnotes":""},"categories":[307],"tags":[],"class_list":["post-120842","post","type-post","status-publish","format-standard","hentry","category-editais"],"_links":{"self":[{"href":"https:\/\/diarioregionaldigital.com.br\/index.php?rest_route=\/wp\/v2\/posts\/120842","targetHints":{"allow":["GET"]}}],"collection":[{"href":"https:\/\/diarioregionaldigital.com.br\/index.php?rest_route=\/wp\/v2\/posts"}],"about":[{"href":"https:\/\/diarioregionaldigital.com.br\/index.php?rest_route=\/wp\/v2\/types\/post"}],"author":[{"embeddable":true,"href":"https:\/\/diarioregionaldigital.com.br\/index.php?rest_route=\/wp\/v2\/users\/96"}],"replies":[{"embeddable":true,"href":"https:\/\/diarioregionaldigital.com.br\/index.php?rest_route=%2Fwp%2Fv2%2Fcomments&post=120842"}],"version-history":[{"count":0,"href":"https:\/\/diarioregionaldigital.com.br\/index.php?rest_route=\/wp\/v2\/posts\/120842\/revisions"}],"wp:attachment":[{"href":"https:\/\/diarioregionaldigital.com.br\/index.php?rest_route=%2Fwp%2Fv2%2Fmedia&parent=120842"}],"wp:term":[{"taxonomy":"category","embeddable":true,"href":"https:\/\/diarioregionaldigital.com.br\/index.php?rest_route=%2Fwp%2Fv2%2Fcategories&post=120842"},{"taxonomy":"post_tag","embeddable":true,"href":"https:\/\/diarioregionaldigital.com.br\/index.php?rest_route=%2Fwp%2Fv2%2Ftags&post=120842"}],"curies":[{"name":"wp","href":"https:\/\/api.w.org\/{rel}","templated":true}]}}