{"id":120836,"date":"2018-09-27T06:00:39","date_gmt":"2018-09-27T09:00:39","guid":{"rendered":"https:\/\/diarioregionaldigital.com.br\/?p=120836"},"modified":"2018-09-26T19:40:45","modified_gmt":"2018-09-26T22:40:45","slug":"casa-da-amizade","status":"publish","type":"post","link":"https:\/\/diarioregionaldigital.com.br\/?p=120836","title":{"rendered":"Casa da Amizade"},"content":{"rendered":"<p style=\"text-align: center;\"><strong>Funda\u00e7\u00e3o Amor<\/strong><\/p>\n<p style=\"text-align: center;\">Com o tema Minas Sem Dor, a Funda\u00e7\u00e3o Amor de Juiz de Fora promove evento nos dias 3, 4 e 5 de outubro na Acispes em S\u00e3o Mateus. Palestras e aulas te\u00f3ricas ser\u00e3o realizadas nos dias 3 e 4 e no dia 5, atendimento aos pacientes da Acispes. \u00c0s 8h, ser\u00e1 realizado o lan\u00e7amento do livro \u201c10 Estrat\u00e9gias do Auto Controle da Dor e happy hour em comemora\u00e7\u00e3o aos 20 anos da Funda\u00e7\u00e3o Amor\u201d. Os idealizadores s\u00e3o os m\u00e9dicos Jaime Olavo Marques, M\u00e1rcio Cury Rondinelli e Jos\u00e9 Rog\u00e9rio Calil Nader. Os padrinhos da Funda\u00e7\u00e3o Amor s\u00e3o este colunista e Patr\u00edcia Alvim<\/p>\n<p style=\"text-align: center;\"><strong>Artes Pl\u00e1sticas<\/strong><\/p>\n<p style=\"text-align: center;\">Est\u00e1 bel\u00edssima a mostra \u201cAos fios entreguei o horizonte\u201d, que est\u00e1 revestindo as paredes da Galeria Hiato. Em cena, quadros dos artistas, Fernanda Leme, J\u00falio Castro, Maria Fernanda Lucena, Ana Teresa, Prado Lopes, Duda Las Casas e Mauro Esp\u00edndola.<\/p>\n<p style=\"text-align: center;\"><strong>Sucesso<\/strong><\/p>\n<p style=\"text-align: center;\">Surgindo em Juiz de Fora um grupo arrebatador. Integrantes do canal de entretenimento Parafuso Solto, eles participaram do Encontro de youtubers no Independ\u00eancia Shopping e deram um show. O grupo juiz-forano atinge mais de 1,6 milh\u00f5es de seguidores no Facebook.<\/p>\n<p style=\"text-align: center;\"><strong>Finalistas<\/strong><\/p>\n<p style=\"text-align: center;\">Not\u00edcia chega do Sebrae dando conta que Juiz de Fora est\u00e1 entre as 26 cidades mineiras finalistas do \u201cPr\u00eamio Prefeito Empreendedor\u201d, promovido anualmente em Minas Gerais. O projeto classificado teve como tema as \u201cpol\u00edticas p\u00fablicas para o desenvolvimento dos pequenos neg\u00f3cios\u201d.<\/p>\n<p style=\"text-align: center;\"><strong>Vamos Estudar<\/strong><\/p>\n<p style=\"text-align: center;\">Com a realidade na pauta, no primeiro semestre de 2018 foram criadas, como se sabe, no Brasil, 392 mil vagas formais de emprego a mais do que no mesmo per\u00edodo de 2017. A maioria delas foi para quem concluiu o Ensino M\u00e9dio, superior e estagi\u00e1rios.<\/p>\n<p style=\"text-align: center;\"><strong>Vis\u00e3o<\/strong><\/p>\n<p style=\"text-align: center;\">Estudo do Banco Mundial divulgado ontem, mostra que a parcela de brasileiros na extrema pobreza cresceu no primeiro ano da recess\u00e3o econ\u00f4mica. Para eles, \u201cuma grande contra\u00e7\u00e3o da economia brasileira, em 2015 e 2016, interrompeu uma d\u00e9cada de sustentada redu\u00e7\u00e3o da pobreza\u201d. O Brasil que eu (n\u00e3o) quero.<\/p>\n<p style=\"text-align: center;\"><span style=\"font-size: 14pt;\"><strong>Casa da Amizade<\/strong><\/span><\/p>\n<p style=\"text-align: center;\">Tendo como cen\u00e1rio o Caf\u00e9 da Mata no cora\u00e7\u00e3o do Privil\u00e8ge, foi comemorado os 61 anos da Casa da Amizade das Senhoras de Rotarianos. A presidente Neide de Paula Seixas recebeu gente elegante com fin\u00edssimo ch\u00e1 colonial em ambiente bel\u00edssimo com arranjos de flores. As fotos de Marc\u00edlio Gomes registram gente que acontece.<\/p>\n<div id=\"attachment_120805\" style=\"width: 690px\" class=\"wp-caption aligncenter\"><img loading=\"lazy\" decoding=\"async\" aria-describedby=\"caption-attachment-120805\" class=\"wp-image-120805\" src=\"https:\/\/diarioregionaldigital.com.br\/wp-content\/uploads\/2018\/09\/fotoa-18.jpg\" alt=\"\" width=\"680\" height=\"453\" srcset=\"https:\/\/diarioregionaldigital.com.br\/wp-content\/uploads\/2018\/09\/fotoa-18.jpg 800w, https:\/\/diarioregionaldigital.com.br\/wp-content\/uploads\/2018\/09\/fotoa-18-300x200.jpg 300w, https:\/\/diarioregionaldigital.com.br\/wp-content\/uploads\/2018\/09\/fotoa-18-768x512.jpg 768w, https:\/\/diarioregionaldigital.com.br\/wp-content\/uploads\/2018\/09\/fotoa-18-360x240.jpg 360w\" sizes=\"auto, (max-width: 680px) 100vw, 680px\" \/><p id=\"caption-attachment-120805\" class=\"wp-caption-text\">Renata Sotto Maior Medeiros, L\u00e9a Batista, Neide de Paula Seixas (presidente), Wanda Magnolo e Maria C\u00e9lia Cunha Lopes<\/p><\/div>\n<div id=\"attachment_120806\" style=\"width: 690px\" class=\"wp-caption aligncenter\"><img loading=\"lazy\" decoding=\"async\" aria-describedby=\"caption-attachment-120806\" class=\"wp-image-120806\" src=\"https:\/\/diarioregionaldigital.com.br\/wp-content\/uploads\/2018\/09\/fotob-15.jpg\" alt=\"\" width=\"680\" height=\"453\" srcset=\"https:\/\/diarioregionaldigital.com.br\/wp-content\/uploads\/2018\/09\/fotob-15.jpg 800w, https:\/\/diarioregionaldigital.com.br\/wp-content\/uploads\/2018\/09\/fotob-15-300x200.jpg 300w, https:\/\/diarioregionaldigital.com.br\/wp-content\/uploads\/2018\/09\/fotob-15-768x512.jpg 768w, https:\/\/diarioregionaldigital.com.br\/wp-content\/uploads\/2018\/09\/fotob-15-360x240.jpg 360w\" sizes=\"auto, (max-width: 680px) 100vw, 680px\" \/><p id=\"caption-attachment-120806\" class=\"wp-caption-text\">Maria Helena Macedo, Jandira Manganelli, Maria Giovaninni Corr\u00eaa, Terezinha Miana<\/p><\/div>\n<div id=\"attachment_120807\" style=\"width: 690px\" class=\"wp-caption aligncenter\"><img loading=\"lazy\" decoding=\"async\" aria-describedby=\"caption-attachment-120807\" class=\"wp-image-120807\" src=\"https:\/\/diarioregionaldigital.com.br\/wp-content\/uploads\/2018\/09\/fotoc-13.jpg\" alt=\"\" width=\"680\" height=\"453\" srcset=\"https:\/\/diarioregionaldigital.com.br\/wp-content\/uploads\/2018\/09\/fotoc-13.jpg 800w, https:\/\/diarioregionaldigital.com.br\/wp-content\/uploads\/2018\/09\/fotoc-13-300x200.jpg 300w, https:\/\/diarioregionaldigital.com.br\/wp-content\/uploads\/2018\/09\/fotoc-13-768x512.jpg 768w, https:\/\/diarioregionaldigital.com.br\/wp-content\/uploads\/2018\/09\/fotoc-13-360x240.jpg 360w\" sizes=\"auto, (max-width: 680px) 100vw, 680px\" \/><p id=\"caption-attachment-120807\" class=\"wp-caption-text\">Corinta Botti, Isabel Hortegas, Rosangela Marques, Lize Martins<\/p><\/div>\n<div id=\"attachment_120808\" style=\"width: 690px\" class=\"wp-caption aligncenter\"><img loading=\"lazy\" decoding=\"async\" aria-describedby=\"caption-attachment-120808\" class=\"wp-image-120808\" src=\"https:\/\/diarioregionaldigital.com.br\/wp-content\/uploads\/2018\/09\/fotod-13.jpg\" alt=\"\" width=\"680\" height=\"453\" srcset=\"https:\/\/diarioregionaldigital.com.br\/wp-content\/uploads\/2018\/09\/fotod-13.jpg 800w, https:\/\/diarioregionaldigital.com.br\/wp-content\/uploads\/2018\/09\/fotod-13-300x200.jpg 300w, https:\/\/diarioregionaldigital.com.br\/wp-content\/uploads\/2018\/09\/fotod-13-768x512.jpg 768w, https:\/\/diarioregionaldigital.com.br\/wp-content\/uploads\/2018\/09\/fotod-13-360x240.jpg 360w\" sizes=\"auto, (max-width: 680px) 100vw, 680px\" \/><p id=\"caption-attachment-120808\" class=\"wp-caption-text\">Janete Santos, Isabel Hortegas com Wilson e Yvone Sant\u2019Anna<\/p><\/div>\n<div id=\"attachment_120809\" style=\"width: 690px\" class=\"wp-caption aligncenter\"><img loading=\"lazy\" decoding=\"async\" aria-describedby=\"caption-attachment-120809\" class=\"wp-image-120809\" src=\"https:\/\/diarioregionaldigital.com.br\/wp-content\/uploads\/2018\/09\/fotoe-14-e1537993016376.jpg\" alt=\"\" width=\"680\" height=\"510\" srcset=\"https:\/\/diarioregionaldigital.com.br\/wp-content\/uploads\/2018\/09\/fotoe-14-e1537993016376.jpg 800w, https:\/\/diarioregionaldigital.com.br\/wp-content\/uploads\/2018\/09\/fotoe-14-e1537993016376-300x225.jpg 300w, https:\/\/diarioregionaldigital.com.br\/wp-content\/uploads\/2018\/09\/fotoe-14-e1537993016376-768x576.jpg 768w, https:\/\/diarioregionaldigital.com.br\/wp-content\/uploads\/2018\/09\/fotoe-14-e1537993016376-360x270.jpg 360w\" sizes=\"auto, (max-width: 680px) 100vw, 680px\" \/><p id=\"caption-attachment-120809\" class=\"wp-caption-text\">Neide Seixas e Tha\u00eds Tatton<\/p><\/div>\n<div id=\"attachment_120810\" style=\"width: 690px\" class=\"wp-caption aligncenter\"><img loading=\"lazy\" decoding=\"async\" aria-describedby=\"caption-attachment-120810\" class=\"wp-image-120810\" src=\"https:\/\/diarioregionaldigital.com.br\/wp-content\/uploads\/2018\/09\/fotof-12.jpg\" alt=\"\" width=\"680\" height=\"453\" srcset=\"https:\/\/diarioregionaldigital.com.br\/wp-content\/uploads\/2018\/09\/fotof-12.jpg 800w, https:\/\/diarioregionaldigital.com.br\/wp-content\/uploads\/2018\/09\/fotof-12-300x200.jpg 300w, https:\/\/diarioregionaldigital.com.br\/wp-content\/uploads\/2018\/09\/fotof-12-768x512.jpg 768w, https:\/\/diarioregionaldigital.com.br\/wp-content\/uploads\/2018\/09\/fotof-12-360x240.jpg 360w\" sizes=\"auto, (max-width: 680px) 100vw, 680px\" \/><p id=\"caption-attachment-120810\" class=\"wp-caption-text\">Wanda Lisboa, Cec\u00edlia Mendon\u00e7a Moreira, Evane Vargas e Em\u00edlia David<\/p><\/div>\n<div id=\"attachment_120812\" style=\"width: 690px\" class=\"wp-caption aligncenter\"><img loading=\"lazy\" decoding=\"async\" aria-describedby=\"caption-attachment-120812\" class=\"wp-image-120812\" src=\"https:\/\/diarioregionaldigital.com.br\/wp-content\/uploads\/2018\/09\/fotog-14.jpg\" alt=\"\" width=\"680\" height=\"453\" srcset=\"https:\/\/diarioregionaldigital.com.br\/wp-content\/uploads\/2018\/09\/fotog-14.jpg 800w, https:\/\/diarioregionaldigital.com.br\/wp-content\/uploads\/2018\/09\/fotog-14-300x200.jpg 300w, https:\/\/diarioregionaldigital.com.br\/wp-content\/uploads\/2018\/09\/fotog-14-768x512.jpg 768w, https:\/\/diarioregionaldigital.com.br\/wp-content\/uploads\/2018\/09\/fotog-14-360x240.jpg 360w\" sizes=\"auto, (max-width: 680px) 100vw, 680px\" \/><p id=\"caption-attachment-120812\" class=\"wp-caption-text\">Elvira Ces\u00e1rio, Neide Seixas, Maria Helena Macedo e Benedita Ces\u00e1rio<\/p><\/div>\n<div id=\"attachment_120813\" style=\"width: 690px\" class=\"wp-caption aligncenter\"><img loading=\"lazy\" decoding=\"async\" aria-describedby=\"caption-attachment-120813\" class=\"wp-image-120813\" src=\"https:\/\/diarioregionaldigital.com.br\/wp-content\/uploads\/2018\/09\/fotoh-14-e1537993223459.jpg\" alt=\"\" width=\"680\" height=\"547\" srcset=\"https:\/\/diarioregionaldigital.com.br\/wp-content\/uploads\/2018\/09\/fotoh-14-e1537993223459.jpg 398w, https:\/\/diarioregionaldigital.com.br\/wp-content\/uploads\/2018\/09\/fotoh-14-e1537993223459-300x241.jpg 300w, https:\/\/diarioregionaldigital.com.br\/wp-content\/uploads\/2018\/09\/fotoh-14-e1537993223459-360x289.jpg 360w\" sizes=\"auto, (max-width: 680px) 100vw, 680px\" \/><p id=\"caption-attachment-120813\" class=\"wp-caption-text\">Neide Seixas, Diva Carvalho, Maria Helena Macedo e Denise Freitas Carvalho<\/p><\/div>\n<div id=\"attachment_120814\" style=\"width: 690px\" class=\"wp-caption aligncenter\"><img loading=\"lazy\" decoding=\"async\" aria-describedby=\"caption-attachment-120814\" class=\"wp-image-120814\" src=\"https:\/\/diarioregionaldigital.com.br\/wp-content\/uploads\/2018\/09\/fotoi-15.jpg\" alt=\"\" width=\"680\" height=\"454\" srcset=\"https:\/\/diarioregionaldigital.com.br\/wp-content\/uploads\/2018\/09\/fotoi-15.jpg 550w, https:\/\/diarioregionaldigital.com.br\/wp-content\/uploads\/2018\/09\/fotoi-15-300x200.jpg 300w, https:\/\/diarioregionaldigital.com.br\/wp-content\/uploads\/2018\/09\/fotoi-15-360x240.jpg 360w\" sizes=\"auto, (max-width: 680px) 100vw, 680px\" \/><p id=\"caption-attachment-120814\" class=\"wp-caption-text\">Mar\u00edlia Rios, Maria Helena Macedo, Sueli Reis, Wilson Sant\u2019Anna, Neide Seixas, Yvone Sant\u2019Anna e Izabel Hortegas<\/p><\/div>\n<p style=\"text-align: center;\"><strong>FOTOSS\u00cdNTESE<\/strong><\/p>\n<p>A diretora-presidente do Sircom Jane Arag\u00e3o aniversaria no dia 28 de setembro, mas comemora hoje, 27, com seus in\u00fameros funcion\u00e1rios. Parab\u00e9ns.<\/p>\n<p>A Rede de Ensino Doctum, atrav\u00e9s de seu presidente prof. Claudio Leit\u00e3o, convida este colunista para a inaugura\u00e7\u00e3o do novo Campus Edif\u00edcio Irm\u00e3 Agla\u00e9, no dia 27, \u00e0s 19h, na Av. Rio Branco, n\u00ba 2655.<\/p>\n<p>A Igreja e a Arquidiocese de Juiz de Fora celebram hoje, 27, o Dia de S\u00e3o Vicente de Paula.<\/p>\n<p>Foi pr\u00f3ximo ao Viaduto Ramirez Gonzales, no Bairro Industrial, a a\u00e7\u00e3o dos alunos da Escola Pedro Nagib Nasser plantando esp\u00e9cies nativas comemorando o Dia da \u00c1rvore \u00e0s margens do Rio Paraibuna. A inciativa da Secretaria de Meio Ambiente merece todos os aplausos.<\/p>\n<p>Durante fino caf\u00e9 da manh\u00e3 na Bamaq-Mercedes-Benz, foi apresentando o novo modelo GLA 200 Night.<\/p>\n<p>Hoje \u00e9 \u201cDia de S\u00e3o Cosme e Dami\u00e3o\u201d. Dia deste colunista distribuir os saquinhos deliciosos de doces e homenagem a todas as crian\u00e7as e ao meu pai que leva esse nome dos santos.<\/p>\n<p>Tr\u00eas ag\u00eancias de publicidade de Juiz de Fora s\u00e3o finalistas do Spotlight \u2013 Pr\u00eamio Libertempo de Criatividade. S\u00e3o elas: Rep\u00fablica, Tr\u00f3pico e Kojio.<\/p>\n<p>Uma plateia lotada aplaudiu o lan\u00e7amento do \u00e1lbum \u201cDesabafo\u201d do m\u00fasico, cantor e compositor Gilbert Salles, na sociedade Filarm\u00f4nica.<\/p>\n<p>Tradicional \u2018point\u2019 de encontro de celebridades, o restaurante Afonsu\u2019s no alto da Av. Rio Branco, serviu de cen\u00e1rio para que o deputado Marcus Pestana recebesse dez ex-vereadores da Velha Guarda de Juiz de Fora. Na mesa, um suculento pernil com tutu a mineira.<\/p>\n<p>Circulando direto de Ouro Preto em Juiz de Fora o artista-pl\u00e1stico Carlos Bracher. Ele andou fotografando alguns pr\u00e9dios antigos da cidade. Vem coisa boa a\u00ed.<\/p>\n<p>Em andamento na cidade a 24\u00aa edi\u00e7\u00e3o do Festcoros (Festival Internacional de Coros), um dos principais eventos de m\u00fasica coral realizados no Brasil. Ser\u00e3o 53 apresenta\u00e7\u00f5es em 23 locais de Juiz de Fora e outras cinco cidades que participam do festival (Coronel Pacheco, Marip\u00e1, Argirita, Leopoldina e Ch\u00e1cara), at\u00e9 a pr\u00f3xima sexta-feira, 28.<\/p>\n<p>Nos dias 29 e 30 de novembro, o Museu Ferrovi\u00e1rio recebe o espet\u00e1culo de dan\u00e7a do NUN \u2013 Grupo de Dan\u00e7a Contempor\u00e2nea com o tema \u201cAmanh\u00e3 talvez eu fa\u00e7a a mesma coisa\u201d.<\/p>\n<p>Aten\u00e7\u00e3o: \u201cDetesto almas acanhadas, nada tem de bom e quase nada de mau.\u201d (Nietzsche). Bom dia.<\/p>\n","protected":false},"excerpt":{"rendered":"<p>Funda\u00e7\u00e3o Amor Com o tema Minas Sem Dor, a Funda\u00e7\u00e3o Amor de Juiz de Fora promove evento nos dias 3, 4 e 5 de outubro na Acispes em S\u00e3o Mateus. Palestras e aulas te\u00f3ricas ser\u00e3o realizadas nos dias 3 e 4 e no dia 5, atendimento aos pacientes da Acispes. \u00c0s 8h, ser\u00e1 realizado o [&hellip;]<\/p>\n","protected":false},"author":96,"featured_media":120805,"comment_status":"closed","ping_status":"closed","sticky":false,"template":"","format":"standard","meta":{"footnotes":""},"categories":[264],"tags":[],"class_list":["post-120836","post","type-post","status-publish","format-standard","has-post-thumbnail","hentry","category-eduardo-gomes"],"_links":{"self":[{"href":"https:\/\/diarioregionaldigital.com.br\/index.php?rest_route=\/wp\/v2\/posts\/120836","targetHints":{"allow":["GET"]}}],"collection":[{"href":"https:\/\/diarioregionaldigital.com.br\/index.php?rest_route=\/wp\/v2\/posts"}],"about":[{"href":"https:\/\/diarioregionaldigital.com.br\/index.php?rest_route=\/wp\/v2\/types\/post"}],"author":[{"embeddable":true,"href":"https:\/\/diarioregionaldigital.com.br\/index.php?rest_route=\/wp\/v2\/users\/96"}],"replies":[{"embeddable":true,"href":"https:\/\/diarioregionaldigital.com.br\/index.php?rest_route=%2Fwp%2Fv2%2Fcomments&post=120836"}],"version-history":[{"count":0,"href":"https:\/\/diarioregionaldigital.com.br\/index.php?rest_route=\/wp\/v2\/posts\/120836\/revisions"}],"wp:featuredmedia":[{"embeddable":true,"href":"https:\/\/diarioregionaldigital.com.br\/index.php?rest_route=\/wp\/v2\/media\/120805"}],"wp:attachment":[{"href":"https:\/\/diarioregionaldigital.com.br\/index.php?rest_route=%2Fwp%2Fv2%2Fmedia&parent=120836"}],"wp:term":[{"taxonomy":"category","embeddable":true,"href":"https:\/\/diarioregionaldigital.com.br\/index.php?rest_route=%2Fwp%2Fv2%2Fcategories&post=120836"},{"taxonomy":"post_tag","embeddable":true,"href":"https:\/\/diarioregionaldigital.com.br\/index.php?rest_route=%2Fwp%2Fv2%2Ftags&post=120836"}],"curies":[{"name":"wp","href":"https:\/\/api.w.org\/{rel}","templated":true}]}}