{"id":120825,"date":"2018-09-27T06:00:37","date_gmt":"2018-09-27T09:00:37","guid":{"rendered":"https:\/\/diarioregionaldigital.com.br\/?p=120825"},"modified":"2018-09-26T18:34:14","modified_gmt":"2018-09-26T21:34:14","slug":"mudanca-de-ponto-de-onibus-provoca-insatisfacao-entre-usuarios","status":"publish","type":"post","link":"https:\/\/diarioregionaldigital.com.br\/?p=120825","title":{"rendered":"Mudan\u00e7a de ponto de \u00f4nibus provoca insatisfa\u00e7\u00e3o entre usu\u00e1rios"},"content":{"rendered":"<p>Moradores do bairro S\u00e3o Mateus, regi\u00e3o Central de Juiz de Fora, reclamam da troca de local de um ponto de \u00f4nibus. O ponto, que ficava pr\u00f3ximo ao n\u00famero 1267 da Rua S\u00e3o Mateus, foi transferido para pr\u00f3ximo \u00e0 subida da Ladeira Alexandre Leonel.<\/p>\n<p>Os moradores reclamam que a atual localiza\u00e7\u00e3o \u00e9 perigosa porque est\u00e1 perto da esquina da ladeira, podendo gerar acidentes. Jos\u00e9 Luiz Britto, Mestre em Engenharia e Transporte, \u00e9 morador do Bairro S\u00e3o Mateus h\u00e1 70 anos e sempre faz uso do coletivo. \u201cO ponto est\u00e1 causando problemas porque h\u00e1 um congestionamento formado porque o \u00f4nibus para em frente \u00e0 placa sinalizadora colocada no poste que \u00e9 pr\u00f3ximo \u00e0 esquina da Ladeira Alexandre Leonel e segura todo o tr\u00e2nsito. O ponto ficou em um ponto estrategicamente ruim e a vizinhan\u00e7a est\u00e1 toda reclamando\u201d, disse.<\/p>\n<p>Al\u00e9m disso, os usu\u00e1rios tamb\u00e9m reclamam que n\u00e3o h\u00e1 nenhuma cobertura ou banco para que as pessoas possam esperar a chegada do ve\u00edculo. \u201cEssa mudan\u00e7a atrapalha em muito a vida dos moradores e usu\u00e1rios do transporte coletivo\u201d, afirma Homero Adario, presidente da Associa\u00e7\u00e3o de Moradores do Bairro S\u00e3o Mateus. Segundo o presidente da Associa\u00e7\u00e3o, um documento j\u00e1 est\u00e1 sendo preparando para cobrar explica\u00e7\u00f5es da Settra, empresa respons\u00e1vel pela mudan\u00e7a. \u201cMuitos \u00f3rg\u00e3os da prefeitura executam servi\u00e7os que atingem moradores, sem antes consultar, principalmente as associa\u00e7\u00f5es e conseps dos bairros. Essa atitude \u00e9 prejudicial\u201d, conclui.<\/p>\n<div id=\"attachment_120827\" style=\"width: 456px\" class=\"wp-caption aligncenter\"><img loading=\"lazy\" decoding=\"async\" aria-describedby=\"caption-attachment-120827\" class=\" wp-image-120827\" src=\"https:\/\/diarioregionaldigital.com.br\/wp-content\/uploads\/2018\/09\/RAFAELA-FRUTUOSO-usar-essa-2-7-300x200.jpg\" alt=\"\" width=\"446\" height=\"297\" srcset=\"https:\/\/diarioregionaldigital.com.br\/wp-content\/uploads\/2018\/09\/RAFAELA-FRUTUOSO-usar-essa-2-7-300x200.jpg 300w, https:\/\/diarioregionaldigital.com.br\/wp-content\/uploads\/2018\/09\/RAFAELA-FRUTUOSO-usar-essa-2-7-768x512.jpg 768w, https:\/\/diarioregionaldigital.com.br\/wp-content\/uploads\/2018\/09\/RAFAELA-FRUTUOSO-usar-essa-2-7-1024x683.jpg 1024w, https:\/\/diarioregionaldigital.com.br\/wp-content\/uploads\/2018\/09\/RAFAELA-FRUTUOSO-usar-essa-2-7-360x240.jpg 360w\" sizes=\"auto, (max-width: 446px) 100vw, 446px\" \/><p id=\"caption-attachment-120827\" class=\"wp-caption-text\">Foto: Rafaela Frutuoso<\/p><\/div>\n<p>No antigo ponto, os moradores podiam contar com o auxilio da marquise de um pr\u00e9dio que fica no local e aguardar sentados em um banco disponibilizado pelos propriet\u00e1rios de uma academia que fica em frente ao ponto. Lucas Gomes Fonseca, propriet\u00e1rio da academia Ultra Move, \u00e9 morador do bairro S\u00e3o Mateus h\u00e1 aproximadamente 24 anos. Ele conta que a iniciativa de colocar um banco no ponto foi decidida junto com o s\u00f3cio, Gl\u00e1ucio Mont-M\u00f4r, antes mesmo da inaugura\u00e7\u00e3o do estabelecimento, h\u00e1 dois anos. \u201cEm um determinado dia que fomos visitar a loja para conferir alguns detalhes, eu notei que tinha um ponto de \u00f4nibus bem na frente do nosso estabelecimento e que algumas pessoas estavam em p\u00e9 aguardando o \u00f4nibus, sendo algumas da terceira idade. Como n\u00f3s temos um recuo grande e espa\u00e7oso na nossa porta, eu tive essa ideia de imediato e comentei com meu s\u00f3cio. E assim foi feito. Colocamos o banquinho e fizemos at\u00e9 amizade com pessoas que paravam ali para esperar o \u00f4nibus\u201d. Lucas conta que sua preocupa\u00e7\u00e3o com a mudan\u00e7a de local do ponto \u00e9 com as pessoas mais velhas. \u201cAlgumas pessoas da terceira idade continuam sentando no banquinho para esperar o \u00f4nibus e quando elas percebem a chegada do ve\u00edculo elas saem correndo para n\u00e3o perder.Minha preocupa\u00e7\u00e3o \u00e9 que nesse meio de caminho em que elas est\u00e3o correndo se elas trope\u00e7am, desequilibram, se caem, \u00e9 o meu maior receio\u201d, comenta.<\/p>\n<p>Os moradores n\u00e3o est\u00e3o sozinhos. Jos\u00e9 Luis Duarte \u00e9 motorista h\u00e1 45 anos. Ele faz a linha 524 \u2013 S\u00e3o Mateus h\u00e1 aproximadamente 11. Segundo Duarte, os demais motoristas que tamb\u00e9m atendem a linha que percorre o bairro acreditam que o novo ponto \u00e9 perigoso. \u201cO ponto j\u00e1 n\u00e3o era muito seguro porque \u00e9 depois da curva, mas tinha uma dist\u00e2ncia razo\u00e1vel. Agora eles colocaram o ponto muito perto da curva e ficou muito mais perigoso porque ali desce carreta pesada, caminh\u00e3o e a dist\u00e2ncia \u00e9 muito pequena. Eu mesmo j\u00e1 passei aperto ali perto da esquina\u201d, comenta. Al\u00e9m do perigo de acidentes, o motorista tamb\u00e9m refor\u00e7a os problemas apontados pelos moradores.<\/p>\n<p><strong>\u00a0<\/strong><\/p>\n<p><strong>POSICIONAMENTO<\/strong><\/p>\n<p>Em nota a Settra, Secretaria de Transporte e Tr\u00e2nsito de Juiz de Fora, comunicou que a mudan\u00e7a foi feita com intuito de apresentar melhorias para o tr\u00e2nsito no local. &#8220;A mudan\u00e7a foi realizada para otimizar a fluidez do tr\u00e2nsito e melhorar a opera\u00e7\u00e3o do sem\u00e1foro existente nas proximidades do antigo ponto de \u00f4nibus. A Settra tamb\u00e9m est\u00e1 avaliando a possibilidade da implanta\u00e7\u00e3o de abrigo no novo local&#8221;, informou.<\/p>\n","protected":false},"excerpt":{"rendered":"<p>Moradores do bairro S\u00e3o Mateus, regi\u00e3o Central de Juiz de Fora, reclamam da troca de local de um ponto de \u00f4nibus. O ponto, que ficava pr\u00f3ximo ao n\u00famero 1267 da Rua S\u00e3o Mateus, foi transferido para pr\u00f3ximo \u00e0 subida da Ladeira Alexandre Leonel. Os moradores reclamam que a atual localiza\u00e7\u00e3o \u00e9 perigosa porque est\u00e1 perto [&hellip;]<\/p>\n","protected":false},"author":96,"featured_media":120826,"comment_status":"closed","ping_status":"closed","sticky":false,"template":"","format":"standard","meta":{"footnotes":""},"categories":[253,436,440,439],"tags":[],"class_list":["post-120825","post","type-post","status-publish","format-standard","has-post-thumbnail","hentry","category-cidade","category-destaque-da-semana","category-destaques-do-dia","category-ultima-hora"],"_links":{"self":[{"href":"https:\/\/diarioregionaldigital.com.br\/index.php?rest_route=\/wp\/v2\/posts\/120825","targetHints":{"allow":["GET"]}}],"collection":[{"href":"https:\/\/diarioregionaldigital.com.br\/index.php?rest_route=\/wp\/v2\/posts"}],"about":[{"href":"https:\/\/diarioregionaldigital.com.br\/index.php?rest_route=\/wp\/v2\/types\/post"}],"author":[{"embeddable":true,"href":"https:\/\/diarioregionaldigital.com.br\/index.php?rest_route=\/wp\/v2\/users\/96"}],"replies":[{"embeddable":true,"href":"https:\/\/diarioregionaldigital.com.br\/index.php?rest_route=%2Fwp%2Fv2%2Fcomments&post=120825"}],"version-history":[{"count":0,"href":"https:\/\/diarioregionaldigital.com.br\/index.php?rest_route=\/wp\/v2\/posts\/120825\/revisions"}],"wp:featuredmedia":[{"embeddable":true,"href":"https:\/\/diarioregionaldigital.com.br\/index.php?rest_route=\/wp\/v2\/media\/120826"}],"wp:attachment":[{"href":"https:\/\/diarioregionaldigital.com.br\/index.php?rest_route=%2Fwp%2Fv2%2Fmedia&parent=120825"}],"wp:term":[{"taxonomy":"category","embeddable":true,"href":"https:\/\/diarioregionaldigital.com.br\/index.php?rest_route=%2Fwp%2Fv2%2Fcategories&post=120825"},{"taxonomy":"post_tag","embeddable":true,"href":"https:\/\/diarioregionaldigital.com.br\/index.php?rest_route=%2Fwp%2Fv2%2Ftags&post=120825"}],"curies":[{"name":"wp","href":"https:\/\/api.w.org\/{rel}","templated":true}]}}