{"id":120742,"date":"2018-09-26T00:26:38","date_gmt":"2018-09-26T03:26:38","guid":{"rendered":"https:\/\/diarioregionaldigital.com.br\/?p=120742"},"modified":"2018-09-26T00:26:38","modified_gmt":"2018-09-26T03:26:38","slug":"estadual-feminino-comeca-com-goleada","status":"publish","type":"post","link":"https:\/\/diarioregionaldigital.com.br\/?p=120742","title":{"rendered":"Estadual Feminino come\u00e7a com goleada"},"content":{"rendered":"<p>O Campeonato Mineiro Feminino come\u00e7ou com destaque para duas goleadas logo na primeira rodada.<\/p>\n<p>Ipatinga e Vi\u00e7osa se enfrentaram no Ipating\u00e3o com as meninas do Tigre batendo as estreantes, de Vi\u00e7osa, por onze a zero. Carmem (2), Tatielle (2), Thayene (3), Samila (2), Patr\u00edcia e Carolina fizeram os gols da estreia. Em Ibirit\u00e9, no Est\u00e1dio Municipal, o Real Esporte Clube venceu o Nacional, por 1 a 0, com gol de Gabrielle.<\/p>\n<p>A goleada foi do Am\u00e9rica sobre o Manchester, de Venda Nova. As atuais campe\u00e3s venceram por 9 a 1 com gols de Vanessa (4), Dilene, Maria Eduarda (3) e Taislene. Brenda, contra, marcou para o Manchester.<\/p>\n<p>Betis e MHM se enfrentaram em Congonhas, no Est\u00e1dio do Astra. \u00danico empate da rodada terminou em 2 a 2, com todos os gols marcados no primeiro tempo. Aos trinta e seis minutos, Paloma abriu o placar do jogo para as visitantes do MHM e Ana Paula ampliou a vantagem dois minutos depois. A alegria durou pouco, com Clarisse diminuindo o preju\u00edzo aos quarenta e um minutos jogados e Fernanda deixando tudo igual j\u00e1 nos acr\u00e9scimos do primeiro tempo.<\/p>\n<p>A segunda rodada \u00e9 toda no pr\u00f3ximo s\u00e1bado, 29 de setembro. \u00c0 tarde, 16h, o Vi\u00e7osa ter\u00e1 o apoio da torcida para tentar a primeira vit\u00f3ria e recebe o Betis, no Campo da Barrinha. No mesmo hor\u00e1rio, o Real permanece em Ibirit\u00e9 e recebe o Manchester, no Municipal.<\/p>\n<p>A partir das 18h o Campo do CSU, em Contagem, recebe rodada dupla do Estadual. \u00c0s 18h10, o MHM recebe o Am\u00e9rica. \u00c0s 20h10, o Nacional recebe o Ipatinga.<\/p>\n<p><strong>Fonte: FMF <\/strong><\/p>\n","protected":false},"excerpt":{"rendered":"<p>O Campeonato Mineiro Feminino come\u00e7ou com destaque para duas goleadas logo na primeira rodada. Ipatinga e Vi\u00e7osa se enfrentaram no Ipating\u00e3o com as meninas do Tigre batendo as estreantes, de Vi\u00e7osa, por onze a zero. Carmem (2), Tatielle (2), Thayene (3), Samila (2), Patr\u00edcia e Carolina fizeram os gols da estreia. Em Ibirit\u00e9, no Est\u00e1dio [&hellip;]<\/p>\n","protected":false},"author":96,"featured_media":120743,"comment_status":"closed","ping_status":"closed","sticky":false,"template":"","format":"standard","meta":{"footnotes":""},"categories":[257,439],"tags":[],"class_list":["post-120742","post","type-post","status-publish","format-standard","has-post-thumbnail","hentry","category-esporte","category-ultima-hora"],"_links":{"self":[{"href":"https:\/\/diarioregionaldigital.com.br\/index.php?rest_route=\/wp\/v2\/posts\/120742","targetHints":{"allow":["GET"]}}],"collection":[{"href":"https:\/\/diarioregionaldigital.com.br\/index.php?rest_route=\/wp\/v2\/posts"}],"about":[{"href":"https:\/\/diarioregionaldigital.com.br\/index.php?rest_route=\/wp\/v2\/types\/post"}],"author":[{"embeddable":true,"href":"https:\/\/diarioregionaldigital.com.br\/index.php?rest_route=\/wp\/v2\/users\/96"}],"replies":[{"embeddable":true,"href":"https:\/\/diarioregionaldigital.com.br\/index.php?rest_route=%2Fwp%2Fv2%2Fcomments&post=120742"}],"version-history":[{"count":0,"href":"https:\/\/diarioregionaldigital.com.br\/index.php?rest_route=\/wp\/v2\/posts\/120742\/revisions"}],"wp:featuredmedia":[{"embeddable":true,"href":"https:\/\/diarioregionaldigital.com.br\/index.php?rest_route=\/wp\/v2\/media\/120743"}],"wp:attachment":[{"href":"https:\/\/diarioregionaldigital.com.br\/index.php?rest_route=%2Fwp%2Fv2%2Fmedia&parent=120742"}],"wp:term":[{"taxonomy":"category","embeddable":true,"href":"https:\/\/diarioregionaldigital.com.br\/index.php?rest_route=%2Fwp%2Fv2%2Fcategories&post=120742"},{"taxonomy":"post_tag","embeddable":true,"href":"https:\/\/diarioregionaldigital.com.br\/index.php?rest_route=%2Fwp%2Fv2%2Ftags&post=120742"}],"curies":[{"name":"wp","href":"https:\/\/api.w.org\/{rel}","templated":true}]}}