{"id":120739,"date":"2018-09-26T00:24:50","date_gmt":"2018-09-26T03:24:50","guid":{"rendered":"https:\/\/diarioregionaldigital.com.br\/?p=120739"},"modified":"2018-09-26T00:24:50","modified_gmt":"2018-09-26T03:24:50","slug":"jf-volei-encara-o-lavras-em-casa-pelo-campeonato-mineiro","status":"publish","type":"post","link":"https:\/\/diarioregionaldigital.com.br\/?p=120739","title":{"rendered":"JF V\u00f4lei encara o Lavras em casa pelo Campeonato Mineiro"},"content":{"rendered":"<p>Nesta quinta-feira, 27, \u00a0o JF v\u00f4lei volta \u00e0 quadra para mais uma partida no Campeonato Mineiro, enfrentando o Lavras, \u00e0s 19h30, no Gin\u00e1sio da UFJF. \u00c9 a quinta partida do novo elenco, formado no segundo semestre deste ano. Nesse momento, o desafio da dire\u00e7\u00e3o do time \u00e9 deixar os jogadores com bom preparo f\u00edsico, visando a Superliga B, com in\u00edcio previsto para janeiro do ano que vem.<\/p>\n<p>&nbsp;<\/p>\n<p>JF V\u00f4lei segue isolado na lanterna da Competi\u00e7\u00e3o, Apesar da \u00faltima coloca\u00e7\u00e3o, os juiz-foranos avan\u00e7am \u00e0 pr\u00f3xima fase independentemente do posicionamento final. Os quatro participantes se enfrentam na primeira fase do Mineiro em turno e returno atr\u00e1s de vantagem de mando de quadra na semifinal, em que o l\u00edder recebe o quarto colocado, assim como o segundo lugar, que com apoio do torcedor, mede for\u00e7as com o terceiro.<\/p>\n<p>&nbsp;<\/p>\n<p>O Fiat\/Minas \u00e9 o atual primeiro colocado com 14 pontos em cinco partidas. O Sada vem em seguida, com 4 pontos em duas partidas. O Lavras somou os tr\u00eas primeiros pontos e o JF V\u00f4lei ainda n\u00e3o pontuou.<\/p>\n<p>&nbsp;<\/p>\n<p>Os ingressos para JF V\u00f4lei x Lavras, \u00e0s 19h30, custam R$ 10 (inteira) e R$ 5 (meia) e podem ser adquiridas na Padaria Bela Padoca (Rua Sampaio 371, Bairro Granbery) e na Cir\u00fargica Equil\u00edbrio (Rua S\u00e3o Mateus 422, bairro S\u00e3o Mateus). Tamb\u00e9m \u00e9 poss\u00edvel comprar pela\u00a0<a href=\"https:\/\/goo.gl\/4s9j7B.\">internet<\/a> no acesseingressos.com.br.<\/p>\n","protected":false},"excerpt":{"rendered":"<p>Nesta quinta-feira, 27, \u00a0o JF v\u00f4lei volta \u00e0 quadra para mais uma partida no Campeonato Mineiro, enfrentando o Lavras, \u00e0s 19h30, no Gin\u00e1sio da UFJF. \u00c9 a quinta partida do novo elenco, formado no segundo semestre deste ano. Nesse momento, o desafio da dire\u00e7\u00e3o do time \u00e9 deixar os jogadores com bom preparo f\u00edsico, visando [&hellip;]<\/p>\n","protected":false},"author":96,"featured_media":120740,"comment_status":"closed","ping_status":"closed","sticky":false,"template":"","format":"standard","meta":{"footnotes":""},"categories":[257,439],"tags":[],"class_list":["post-120739","post","type-post","status-publish","format-standard","has-post-thumbnail","hentry","category-esporte","category-ultima-hora"],"_links":{"self":[{"href":"https:\/\/diarioregionaldigital.com.br\/index.php?rest_route=\/wp\/v2\/posts\/120739","targetHints":{"allow":["GET"]}}],"collection":[{"href":"https:\/\/diarioregionaldigital.com.br\/index.php?rest_route=\/wp\/v2\/posts"}],"about":[{"href":"https:\/\/diarioregionaldigital.com.br\/index.php?rest_route=\/wp\/v2\/types\/post"}],"author":[{"embeddable":true,"href":"https:\/\/diarioregionaldigital.com.br\/index.php?rest_route=\/wp\/v2\/users\/96"}],"replies":[{"embeddable":true,"href":"https:\/\/diarioregionaldigital.com.br\/index.php?rest_route=%2Fwp%2Fv2%2Fcomments&post=120739"}],"version-history":[{"count":0,"href":"https:\/\/diarioregionaldigital.com.br\/index.php?rest_route=\/wp\/v2\/posts\/120739\/revisions"}],"wp:featuredmedia":[{"embeddable":true,"href":"https:\/\/diarioregionaldigital.com.br\/index.php?rest_route=\/wp\/v2\/media\/120740"}],"wp:attachment":[{"href":"https:\/\/diarioregionaldigital.com.br\/index.php?rest_route=%2Fwp%2Fv2%2Fmedia&parent=120739"}],"wp:term":[{"taxonomy":"category","embeddable":true,"href":"https:\/\/diarioregionaldigital.com.br\/index.php?rest_route=%2Fwp%2Fv2%2Fcategories&post=120739"},{"taxonomy":"post_tag","embeddable":true,"href":"https:\/\/diarioregionaldigital.com.br\/index.php?rest_route=%2Fwp%2Fv2%2Ftags&post=120739"}],"curies":[{"name":"wp","href":"https:\/\/api.w.org\/{rel}","templated":true}]}}