{"id":120724,"date":"2018-09-26T06:00:13","date_gmt":"2018-09-26T09:00:13","guid":{"rendered":"https:\/\/diarioregionaldigital.com.br\/?p=120724"},"modified":"2018-09-26T16:45:51","modified_gmt":"2018-09-26T19:45:51","slug":"prefeitura-matias-barbosa-licitacao-no73-26-09-18","status":"publish","type":"post","link":"https:\/\/diarioregionaldigital.com.br\/?p=120724","title":{"rendered":"C\u00e2mara Municipal de Matias Barbosa &#8211; Licita\u00e7\u00e3o n\u00ba73 26\/09\/18"},"content":{"rendered":"<p style=\"text-align: center;\"><strong>AVISO DE LICITA\u00c7\u00c3O<\/strong><\/p>\n<p style=\"text-align: center;\"><strong>PROCESSO LICITAT\u00d3RIO N\u00ba. 73\/2018<\/strong><\/p>\n<p style=\"text-align: center;\"><strong>PREG\u00c3O N\u00ba. 09\/2018<\/strong><\/p>\n<p style=\"text-align: center;\"><strong>\u00a0<\/strong><\/p>\n<p style=\"text-align: center;\"><strong>OBJETO<\/strong>: Aquisi\u00e7\u00e3o de Equipamentos de Inform\u00e1tica para suprir as necessidades da C\u00e2mara Municipal de Matias Barbosa, conforme especifica\u00e7\u00f5es constantes no anexo I do edital.<\/p>\n<p style=\"text-align: center;\"><strong>SETOR REQUISITANTE:<\/strong> Presid\u00eancia da C\u00e2mara Municipal de Matias Barbosa<\/p>\n<p style=\"text-align: center;\"><strong>ENTREGA E ABERTURA DOS ENVELOPES DE \u201cHABILITA\u00c7\u00c3O\u201d E \u201cPROPOSTA <\/strong><\/p>\n<p style=\"text-align: center;\"><strong>DATA<\/strong>: 09\/10\/2018<\/p>\n<p style=\"text-align: center;\"><strong>HOR\u00c1RIO<\/strong>: 09:00 horas<\/p>\n<p style=\"text-align: center;\"><strong>LOCAL:<\/strong> Sala de reuni\u00f5es da C\u00e2mara Municipal de Matias Barbosa, situada na Avenida Engenheiro Paulo Brand\u00e3o, n\u00b0. 380, Loteamento Parque dos Sabi\u00e1s na cidade de Matias Barbosa \u2013 MG. CEP: 36.120-000.<\/p>\n<p style=\"text-align: center;\"><strong>CONSULTAS AO EDITAL E DIVULGA\u00c7\u00c3O DE INFORMA\u00c7\u00d5ES: No site <\/strong>C\u00e2mara Municipal, www.cmmb.mg.leg.br.<\/p>\n<p style=\"text-align: center;\"><strong>ESCLARECIMENTOS<\/strong>: Eventuais d\u00favidas podem ser esclarecidas atrav\u00e9s do e-mail: <a href=\"mailto:licitacao@matiasbarbosa.mg.leg.br\">licitacao@matiasbarbosa.mg.leg.br<\/a>, Fone: (32) 3273 5700 ou (32) 3273-5719.<\/p>\n","protected":false},"excerpt":{"rendered":"<p>AVISO DE LICITA\u00c7\u00c3O PROCESSO LICITAT\u00d3RIO N\u00ba. 73\/2018 PREG\u00c3O N\u00ba. 09\/2018 \u00a0 OBJETO: Aquisi\u00e7\u00e3o de Equipamentos de Inform\u00e1tica para suprir as necessidades da C\u00e2mara Municipal de Matias Barbosa, conforme especifica\u00e7\u00f5es constantes no anexo I do edital. SETOR REQUISITANTE: Presid\u00eancia da C\u00e2mara Municipal de Matias Barbosa ENTREGA E ABERTURA DOS ENVELOPES DE \u201cHABILITA\u00c7\u00c3O\u201d E \u201cPROPOSTA DATA: 09\/10\/2018 [&hellip;]<\/p>\n","protected":false},"author":96,"featured_media":0,"comment_status":"closed","ping_status":"closed","sticky":false,"template":"","format":"standard","meta":{"footnotes":""},"categories":[307],"tags":[],"class_list":["post-120724","post","type-post","status-publish","format-standard","hentry","category-editais"],"_links":{"self":[{"href":"https:\/\/diarioregionaldigital.com.br\/index.php?rest_route=\/wp\/v2\/posts\/120724","targetHints":{"allow":["GET"]}}],"collection":[{"href":"https:\/\/diarioregionaldigital.com.br\/index.php?rest_route=\/wp\/v2\/posts"}],"about":[{"href":"https:\/\/diarioregionaldigital.com.br\/index.php?rest_route=\/wp\/v2\/types\/post"}],"author":[{"embeddable":true,"href":"https:\/\/diarioregionaldigital.com.br\/index.php?rest_route=\/wp\/v2\/users\/96"}],"replies":[{"embeddable":true,"href":"https:\/\/diarioregionaldigital.com.br\/index.php?rest_route=%2Fwp%2Fv2%2Fcomments&post=120724"}],"version-history":[{"count":0,"href":"https:\/\/diarioregionaldigital.com.br\/index.php?rest_route=\/wp\/v2\/posts\/120724\/revisions"}],"wp:attachment":[{"href":"https:\/\/diarioregionaldigital.com.br\/index.php?rest_route=%2Fwp%2Fv2%2Fmedia&parent=120724"}],"wp:term":[{"taxonomy":"category","embeddable":true,"href":"https:\/\/diarioregionaldigital.com.br\/index.php?rest_route=%2Fwp%2Fv2%2Fcategories&post=120724"},{"taxonomy":"post_tag","embeddable":true,"href":"https:\/\/diarioregionaldigital.com.br\/index.php?rest_route=%2Fwp%2Fv2%2Ftags&post=120724"}],"curies":[{"name":"wp","href":"https:\/\/api.w.org\/{rel}","templated":true}]}}