{"id":120698,"date":"2018-09-25T15:10:42","date_gmt":"2018-09-25T18:10:42","guid":{"rendered":"https:\/\/diarioregionaldigital.com.br\/?p=120698"},"modified":"2018-09-25T15:14:34","modified_gmt":"2018-09-25T18:14:34","slug":"cinco-medicos-do-psf-sao-demitidos-em-barbacena-por-descumprimento-de-horario","status":"publish","type":"post","link":"https:\/\/diarioregionaldigital.com.br\/?p=120698","title":{"rendered":"Cinco m\u00e9dicos do PSF s\u00e3o demitidos em Barbacena por descumprimento de hor\u00e1rio"},"content":{"rendered":"<p>Durante auditora a Secretaria Municipal de Sa\u00fade apurou que pelo menos cinco m\u00e9dicos, que atuavam no programa Sa\u00fade da Fam\u00edlia em Barbacena, n\u00e3o cumpriam o hor\u00e1rio de trabalho determinado em contrato. Os cinco profissionais, quatro cl\u00ednicos m\u00e9dicos e um psiquiatra, foram demitidos. Eles recebiam R$8.600 por uma jornada de 08h por dia. O secret\u00e1rio de sa\u00fade, Jos\u00e9 Orleans, esclareceu que foi verificado em todas as unidades de sa\u00fade e os profissionais cumpriam cerca de 5h por dia de trabalho.<\/p>\n<p>Orleans destacou ainda que foram atingidas as Unidades B\u00e1sicas de Sa\u00fade do Vilela, S\u00e3o Francisco, Nova Su\u00ed\u00e7a e Caic e que, at\u00e9 normaliza\u00e7\u00e3o da situa\u00e7\u00e3o, o atendimento pode ficar comprometido.<\/p>\n<p>Novos profissionais ser\u00e3o contratados e a Secretaria j\u00e1 est\u00e1 fazendo entrevistas, mas ainda n\u00e3o h\u00e1 uma data prevista para que os m\u00e9dicos passem a atender. At\u00e9 que seja normalizado, o munic\u00edpio vai tentar remanejar alguns profissionais para as UBS em defasagem.<\/p>\n<p>&nbsp;<\/p>\n<p>Fonte: Barbacena Online<\/p>\n","protected":false},"excerpt":{"rendered":"<p>Durante auditora a Secretaria Municipal de Sa\u00fade apurou que pelo menos cinco m\u00e9dicos, que atuavam no programa Sa\u00fade da Fam\u00edlia em Barbacena, n\u00e3o cumpriam o hor\u00e1rio de trabalho determinado em contrato. Os cinco profissionais, quatro cl\u00ednicos m\u00e9dicos e um psiquiatra, foram demitidos. Eles recebiam R$8.600 por uma jornada de 08h por dia. O secret\u00e1rio de [&hellip;]<\/p>\n","protected":false},"author":96,"featured_media":95105,"comment_status":"closed","ping_status":"closed","sticky":false,"template":"","format":"standard","meta":{"footnotes":""},"categories":[252,439],"tags":[],"class_list":["post-120698","post","type-post","status-publish","format-standard","has-post-thumbnail","hentry","category-regiao","category-ultima-hora"],"_links":{"self":[{"href":"https:\/\/diarioregionaldigital.com.br\/index.php?rest_route=\/wp\/v2\/posts\/120698","targetHints":{"allow":["GET"]}}],"collection":[{"href":"https:\/\/diarioregionaldigital.com.br\/index.php?rest_route=\/wp\/v2\/posts"}],"about":[{"href":"https:\/\/diarioregionaldigital.com.br\/index.php?rest_route=\/wp\/v2\/types\/post"}],"author":[{"embeddable":true,"href":"https:\/\/diarioregionaldigital.com.br\/index.php?rest_route=\/wp\/v2\/users\/96"}],"replies":[{"embeddable":true,"href":"https:\/\/diarioregionaldigital.com.br\/index.php?rest_route=%2Fwp%2Fv2%2Fcomments&post=120698"}],"version-history":[{"count":0,"href":"https:\/\/diarioregionaldigital.com.br\/index.php?rest_route=\/wp\/v2\/posts\/120698\/revisions"}],"wp:featuredmedia":[{"embeddable":true,"href":"https:\/\/diarioregionaldigital.com.br\/index.php?rest_route=\/wp\/v2\/media\/95105"}],"wp:attachment":[{"href":"https:\/\/diarioregionaldigital.com.br\/index.php?rest_route=%2Fwp%2Fv2%2Fmedia&parent=120698"}],"wp:term":[{"taxonomy":"category","embeddable":true,"href":"https:\/\/diarioregionaldigital.com.br\/index.php?rest_route=%2Fwp%2Fv2%2Fcategories&post=120698"},{"taxonomy":"post_tag","embeddable":true,"href":"https:\/\/diarioregionaldigital.com.br\/index.php?rest_route=%2Fwp%2Fv2%2Ftags&post=120698"}],"curies":[{"name":"wp","href":"https:\/\/api.w.org\/{rel}","templated":true}]}}