{"id":120669,"date":"2018-09-25T11:40:37","date_gmt":"2018-09-25T14:40:37","guid":{"rendered":"https:\/\/diarioregionaldigital.com.br\/?p=120669"},"modified":"2018-09-25T11:40:37","modified_gmt":"2018-09-25T14:40:37","slug":"acidente-na-br-040-deixa-uma-pessoa-ferida","status":"publish","type":"post","link":"https:\/\/diarioregionaldigital.com.br\/?p=120669","title":{"rendered":"Acidente na BR-040 deixa uma pessoa ferida"},"content":{"rendered":"<p>O condutor de um ve\u00edculo Chevette ficou ferido ap\u00f3s uma colis\u00e3o na regi\u00e3o de Conselheiro Lafaiete, por volta das 21h dessa segunda-feira, 24, no km 630, em Conselheiro Lafaiete.<\/p>\n<p>Os carros estavam em sentido opostos quando o condutor do Chevette, licenciado em Barbacena, invadiu a contra m\u00e3o e colidiu com um Vectra, ficando sobre o mesmo.<\/p>\n<p>Segundo informa\u00e7\u00f5es do Corpo de Bombeiros, foi necess\u00e1rio utilizar equipamentos para imobiliz\u00e1-lo e realizar a retirada da v\u00edtima do interior do ve\u00edculo, que queixava de dores na regi\u00e3o tor\u00e1cica. O condutor do segundo veiculo nada sofreu. Ambos foram conduzidos para o Hospital e Maternidade S\u00e3o Jos\u00e9, em Lafaiete.<\/p>\n<p>&nbsp;<\/p>\n<p>Fonte: Barbacena Online<\/p>\n","protected":false},"excerpt":{"rendered":"<p>O condutor de um ve\u00edculo Chevette ficou ferido ap\u00f3s uma colis\u00e3o na regi\u00e3o de Conselheiro Lafaiete, por volta das 21h dessa segunda-feira, 24, no km 630, em Conselheiro Lafaiete. Os carros estavam em sentido opostos quando o condutor do Chevette, licenciado em Barbacena, invadiu a contra m\u00e3o e colidiu com um Vectra, ficando sobre o [&hellip;]<\/p>\n","protected":false},"author":96,"featured_media":120670,"comment_status":"closed","ping_status":"closed","sticky":false,"template":"","format":"standard","meta":{"footnotes":""},"categories":[252,439],"tags":[],"class_list":["post-120669","post","type-post","status-publish","format-standard","has-post-thumbnail","hentry","category-regiao","category-ultima-hora"],"_links":{"self":[{"href":"https:\/\/diarioregionaldigital.com.br\/index.php?rest_route=\/wp\/v2\/posts\/120669","targetHints":{"allow":["GET"]}}],"collection":[{"href":"https:\/\/diarioregionaldigital.com.br\/index.php?rest_route=\/wp\/v2\/posts"}],"about":[{"href":"https:\/\/diarioregionaldigital.com.br\/index.php?rest_route=\/wp\/v2\/types\/post"}],"author":[{"embeddable":true,"href":"https:\/\/diarioregionaldigital.com.br\/index.php?rest_route=\/wp\/v2\/users\/96"}],"replies":[{"embeddable":true,"href":"https:\/\/diarioregionaldigital.com.br\/index.php?rest_route=%2Fwp%2Fv2%2Fcomments&post=120669"}],"version-history":[{"count":0,"href":"https:\/\/diarioregionaldigital.com.br\/index.php?rest_route=\/wp\/v2\/posts\/120669\/revisions"}],"wp:featuredmedia":[{"embeddable":true,"href":"https:\/\/diarioregionaldigital.com.br\/index.php?rest_route=\/wp\/v2\/media\/120670"}],"wp:attachment":[{"href":"https:\/\/diarioregionaldigital.com.br\/index.php?rest_route=%2Fwp%2Fv2%2Fmedia&parent=120669"}],"wp:term":[{"taxonomy":"category","embeddable":true,"href":"https:\/\/diarioregionaldigital.com.br\/index.php?rest_route=%2Fwp%2Fv2%2Fcategories&post=120669"},{"taxonomy":"post_tag","embeddable":true,"href":"https:\/\/diarioregionaldigital.com.br\/index.php?rest_route=%2Fwp%2Fv2%2Ftags&post=120669"}],"curies":[{"name":"wp","href":"https:\/\/api.w.org\/{rel}","templated":true}]}}