{"id":120642,"date":"2018-09-25T09:14:34","date_gmt":"2018-09-25T12:14:34","guid":{"rendered":"https:\/\/diarioregionaldigital.com.br\/?p=120642"},"modified":"2018-09-26T08:17:43","modified_gmt":"2018-09-26T11:17:43","slug":"lei-da-ficha-limpa-retira-173-candidatos-das-eleicoes-de-outubro","status":"publish","type":"post","link":"https:\/\/diarioregionaldigital.com.br\/?p=120642","title":{"rendered":"Lei da Ficha Limpa retira 173 candidatos das elei\u00e7\u00f5es de outubro"},"content":{"rendered":"<p>Dos 29.101 candidatos que pediram registro, a Justi\u00e7a Eleitoral rejeitou 1.888, o que representa 6,5% do total. Segundo dados dispon\u00edveis no portal do Tribunal Superior Eleitoral (TSE), 173\u00a0candidatos foram julgados inaptos por causa da Lei da Ficha Limpa, entre eles o ex-presidente Luiz In\u00e1cio Lula da Silva, que disputaria o Pal\u00e1cio do Planalto pelo PT.<\/p>\n<p>A falta de requisitos para registro &#8211; como a n\u00e3o comprova\u00e7\u00e3o de pleno exerc\u00edcio dos direitos pol\u00edticos, alistamento eleitoral e filia\u00e7\u00e3o partid\u00e1ria &#8211; foi o principal motivo para indeferimento de candidaturas \u2013 75,46% do total de pedidos. Treze candidatos foram considerados inaptos a disputar as elei\u00e7\u00f5es por abuso de poder e outros cinco por gasto il\u00edcito de recursos.<\/p>\n<p>A Justi\u00e7a Eleitoral confirmou 27.213\u00a0candidaturas, um crescimento de 4% em rela\u00e7\u00e3o a 2014, quando 26.162 disputaram as elei\u00e7\u00f5es gerais \u2013 presidente, governador, senador, deputado federal, estadual e distrital. At\u00e9 agora, 682 candidatos renunciaram e tr\u00eas morreram.<\/p>\n<p>Embora a corrida presidencial seja a mais discutida no pa\u00eds, a elei\u00e7\u00e3o para a C\u00e2mara Legislativa do Distrito Federal (CLDF) \u00e9 a mais disputada: s\u00e3o 40,88 candidatos por vaga. A C\u00e2mara Legislativa tem 24 cadeiras e se apresentaram 981 concorrentes.<\/p>\n<p>As 26 assembleias legislativas t\u00eam 1.035 cadeiras e 17.950 candidatos, o que d\u00e1 em m\u00e9dia 17,34 concorrentes por vaga. Para as 513 vagas na C\u00e2mara dos Deputados, s\u00e3o 8.595 postulantes (16,75 por vaga).<\/p>\n<p>Do total de candidatos, 13 disputam a Presid\u00eancia da Rep\u00fablica, 202 concorrem a governador dos 26 estados e do Distrito Federal e 358 postulam o Senado. Neste ano, est\u00e3o em disputa duas cadeiras de senador por estado, totalizando 54 vagas.<\/p>\n<p>O PSL foi o partido que lan\u00e7ou o maior n\u00famero de candidatos pa\u00eds afora \u2013 1.543, 5,3% do total. Al\u00e9m do presidenci\u00e1vel Jair Bolsonaro, 942 concorrem a deputado estadual, 488 a deputado federal, 24 a deputado distrital, 22 a senador, 14 a governador, 11 a vice-governador e 41 a suplente de senador.<\/p>\n<p>Na sequ\u00eancia v\u00eam o PSOL, com 1.347 concorrentes e o PT, com 1.309 candidatos. Al\u00e9m do presidenci\u00e1vel Guilherme Boulos, o PSOL lan\u00e7ou candidatos a governador em 25 estados. O PT tem candidato a presidente, Fernando Haddad, e disputa 16 governos estaduais.<\/p>\n<p><em>Fonte: Ag\u00eancia Brasil<\/em><\/p>\n","protected":false},"excerpt":{"rendered":"<p>Dos 29.101 candidatos que pediram registro, a Justi\u00e7a Eleitoral rejeitou 1.888, o que representa 6,5% do total. Segundo dados dispon\u00edveis no portal do Tribunal Superior Eleitoral (TSE), 173\u00a0candidatos foram julgados inaptos por causa da Lei da Ficha Limpa, entre eles o ex-presidente Luiz In\u00e1cio Lula da Silva, que disputaria o Pal\u00e1cio do Planalto pelo PT. [&hellip;]<\/p>\n","protected":false},"author":96,"featured_media":0,"comment_status":"closed","ping_status":"closed","sticky":false,"template":"","format":"standard","meta":{"footnotes":""},"categories":[436,254,439],"tags":[],"class_list":["post-120642","post","type-post","status-publish","format-standard","hentry","category-destaque-da-semana","category-politica","category-ultima-hora"],"_links":{"self":[{"href":"https:\/\/diarioregionaldigital.com.br\/index.php?rest_route=\/wp\/v2\/posts\/120642","targetHints":{"allow":["GET"]}}],"collection":[{"href":"https:\/\/diarioregionaldigital.com.br\/index.php?rest_route=\/wp\/v2\/posts"}],"about":[{"href":"https:\/\/diarioregionaldigital.com.br\/index.php?rest_route=\/wp\/v2\/types\/post"}],"author":[{"embeddable":true,"href":"https:\/\/diarioregionaldigital.com.br\/index.php?rest_route=\/wp\/v2\/users\/96"}],"replies":[{"embeddable":true,"href":"https:\/\/diarioregionaldigital.com.br\/index.php?rest_route=%2Fwp%2Fv2%2Fcomments&post=120642"}],"version-history":[{"count":0,"href":"https:\/\/diarioregionaldigital.com.br\/index.php?rest_route=\/wp\/v2\/posts\/120642\/revisions"}],"wp:attachment":[{"href":"https:\/\/diarioregionaldigital.com.br\/index.php?rest_route=%2Fwp%2Fv2%2Fmedia&parent=120642"}],"wp:term":[{"taxonomy":"category","embeddable":true,"href":"https:\/\/diarioregionaldigital.com.br\/index.php?rest_route=%2Fwp%2Fv2%2Fcategories&post=120642"},{"taxonomy":"post_tag","embeddable":true,"href":"https:\/\/diarioregionaldigital.com.br\/index.php?rest_route=%2Fwp%2Fv2%2Ftags&post=120642"}],"curies":[{"name":"wp","href":"https:\/\/api.w.org\/{rel}","templated":true}]}}