{"id":120638,"date":"2018-09-25T08:46:08","date_gmt":"2018-09-25T11:46:08","guid":{"rendered":"https:\/\/diarioregionaldigital.com.br\/?p=120638"},"modified":"2018-09-25T08:47:46","modified_gmt":"2018-09-25T11:47:46","slug":"casal-e-assaltado-durante-caminhada-no-bairro-sao-pedro","status":"publish","type":"post","link":"https:\/\/diarioregionaldigital.com.br\/?p=120638","title":{"rendered":"Casal \u00e9 assaltado durante caminhada no bairro S\u00e3o Pedro"},"content":{"rendered":"<p>Duas pessoas foram assaltadas na Avenida Pedro Henrique Krambeck, no bairro S\u00e3o Pedro, regi\u00e3o da Cidade Alta em Juiz de Fora, nessa segunda-feira, 24. As v\u00edtimas, um homem, de 71 anos, e uma mulher, de 66, faziam uma caminhada em um trecho interditado da via, por volta de 12h, quando foram surpreendidos por um \u00a0homem, que passava de bicicleta. Ele estava armado com uma faca e anunciou o assalto, amea\u00e7ando o casal de morte e roubando seus pertences pessoais.<\/p>\n<p>O homem conseguiu levar diversos cart\u00f5es de cr\u00e9ditos, um aparelho de celular e a quantia de R$140. Ap\u00f3s o crime, ele fugiu e n\u00e3o foi encontrado pela Pol\u00edcia Militar.<\/p>\n<p>Segundo as v\u00edtimas, o homem era alto, pardo e, no momento do crime, usava uma bermuda e estava com uma camisa vermelha presa na cabe\u00e7a.<\/p>\n","protected":false},"excerpt":{"rendered":"<p>Duas pessoas foram assaltadas na Avenida Pedro Henrique Krambeck, no bairro S\u00e3o Pedro, regi\u00e3o da Cidade Alta em Juiz de Fora, nessa segunda-feira, 24. As v\u00edtimas, um homem, de 71 anos, e uma mulher, de 66, faziam uma caminhada em um trecho interditado da via, por volta de 12h, quando foram surpreendidos por um \u00a0homem, [&hellip;]<\/p>\n","protected":false},"author":96,"featured_media":95836,"comment_status":"closed","ping_status":"closed","sticky":false,"template":"","format":"standard","meta":{"footnotes":""},"categories":[301],"tags":[],"class_list":["post-120638","post","type-post","status-publish","format-standard","has-post-thumbnail","hentry","category-artigos-policiais"],"_links":{"self":[{"href":"https:\/\/diarioregionaldigital.com.br\/index.php?rest_route=\/wp\/v2\/posts\/120638","targetHints":{"allow":["GET"]}}],"collection":[{"href":"https:\/\/diarioregionaldigital.com.br\/index.php?rest_route=\/wp\/v2\/posts"}],"about":[{"href":"https:\/\/diarioregionaldigital.com.br\/index.php?rest_route=\/wp\/v2\/types\/post"}],"author":[{"embeddable":true,"href":"https:\/\/diarioregionaldigital.com.br\/index.php?rest_route=\/wp\/v2\/users\/96"}],"replies":[{"embeddable":true,"href":"https:\/\/diarioregionaldigital.com.br\/index.php?rest_route=%2Fwp%2Fv2%2Fcomments&post=120638"}],"version-history":[{"count":0,"href":"https:\/\/diarioregionaldigital.com.br\/index.php?rest_route=\/wp\/v2\/posts\/120638\/revisions"}],"wp:featuredmedia":[{"embeddable":true,"href":"https:\/\/diarioregionaldigital.com.br\/index.php?rest_route=\/wp\/v2\/media\/95836"}],"wp:attachment":[{"href":"https:\/\/diarioregionaldigital.com.br\/index.php?rest_route=%2Fwp%2Fv2%2Fmedia&parent=120638"}],"wp:term":[{"taxonomy":"category","embeddable":true,"href":"https:\/\/diarioregionaldigital.com.br\/index.php?rest_route=%2Fwp%2Fv2%2Fcategories&post=120638"},{"taxonomy":"post_tag","embeddable":true,"href":"https:\/\/diarioregionaldigital.com.br\/index.php?rest_route=%2Fwp%2Fv2%2Ftags&post=120638"}],"curies":[{"name":"wp","href":"https:\/\/api.w.org\/{rel}","templated":true}]}}